{"id":85841,"date":"2026-02-06T13:36:01","date_gmt":"2026-02-06T10:36:01","guid":{"rendered":"https:\/\/www.egemtv.com\/?p=85841"},"modified":"2026-02-06T13:36:02","modified_gmt":"2026-02-06T10:36:02","slug":"aydin-sinirinda-coken-yol-ulasima-kapandi","status":"publish","type":"post","link":"https:\/\/www.egemtv.com\/?p=85841","title":{"rendered":"Ayd\u0131n s\u0131n\u0131r\u0131nda \u00e7\u00f6ken yol ula\u015f\u0131ma kapand\u0131"},"content":{"rendered":"<p>\u0130zmir\u2019in Sel\u00e7uk il\u00e7esi ile Ayd\u0131n\u2019a ba\u011fl\u0131 Ortaklar aras\u0131ndaki karayolunda sa\u011fanak ya\u011f\u0131\u015f sonras\u0131 \u00e7\u00f6kme meydana geldi. Ayd\u0131n s\u0131n\u0131r\u0131na 500 metre kala yol tamamen ula\u015f\u0131ma kapan\u0131rken, trafik ak\u0131\u015f\u0131 alternatif g\u00fczerg\u00e2hlara y\u00f6nlendiriliyor.<br \/>\n<br \/>\u0130zmir Sel\u00e7uk &#8211; Ortaklar yolu \u00fczerinde, Ayd\u0131n il s\u0131n\u0131r\u0131na yakla\u015f\u0131k 500 metre mesafede karayolunca derin bir \u00e7\u00f6kme meydana geldi. Kuvvetli ya\u011f\u0131\u015f sonras\u0131 olu\u015fan \u00e7\u00f6kme sebebiyle b\u00f6lgeye ekipler sevk edildi. Yol \u00e7evresinde g\u00fcvenlik \u00f6nlemleri al\u0131nd\u0131. Bu arada trafik ak\u0131\u015f\u0131 alternatif g\u00fczergahlara y\u00f6nlendiriliyor. \u00c7\u00f6kmenin meydana geldi\u011fi alanda onar\u0131m ve teknik incelemenin yap\u0131lmas\u0131 bekleniyor.<br \/>\n<br \/>Alternatif g\u00fczergah<br \/>\n<br \/>Sel\u00e7uk\u2019tan Ortaklar ve Ayd\u0131n y\u00f6n\u00fcne giden ara\u00e7lar, \u00c7aml\u0131k Kav\u015fa\u011f\u0131 \u00fczerinden Ku\u015fadas\u0131 yoluna y\u00f6nlendiriliyor. Ortaklar\u2019dan Sel\u00e7uk istikametine gelen ara\u00e7lar ise Ayd\u0131n &#8211; \u0130zmir Otoyolu\u2019na sevk ediliyor.<br \/>\n<br \/>Yetkililer, Sel\u00e7uk &#8211; Ortaklar yolunu kullanacak s\u00fcr\u00fcc\u00fclerin alternatif g\u00fczerg\u00e2hlar\u0131 tercih etmeleri ve trafik i\u015faret ile y\u00f6nlendirmelerine dikkat etmeleri gerekti\u011fini bildirdi.<br \/><\/p>\n","protected":false},"excerpt":{"rendered":"<p>\u0130zmir\u2019in Sel\u00e7uk il\u00e7esi ile Ayd\u0131n\u2019a ba\u011fl\u0131 Ortaklar aras\u0131ndaki karayolunda sa\u011fanak ya\u011f\u0131\u015f sonras\u0131 \u00e7\u00f6kme meydana geldi. Ayd\u0131n s\u0131n\u0131r\u0131na 500 metre kala yol tamamen ula\u015f\u0131ma kapan\u0131rken, trafik ak\u0131\u015f\u0131 alternatif g\u00fczerg\u00e2hlara y\u00f6nlendiriliyor. \u0130zmir Sel\u00e7uk &#8211; Ortaklar yolu \u00fczerinde, Ayd\u0131n il s\u0131n\u0131r\u0131na yakla\u015f\u0131k 500 metre mesafede karayolunca derin bir \u00e7\u00f6kme meydana geldi. Kuvvetli ya\u011f\u0131\u015f sonras\u0131 olu\u015fan \u00e7\u00f6kme sebebiyle b\u00f6lgeye&#8230;<\/p>\n","protected":false},"author":1,"featured_media":85842,"comment_status":"open","ping_status":"open","sticky":false,"template":"","format":"standard","meta":{"_crdt_document":"","footnotes":""},"categories":[1],"tags":[],"class_list":["post-85841","post","type-post","status-publish","format-standard","has-post-thumbnail","hentry","category-guncel"],"_links":{"self":[{"href":"https:\/\/www.egemtv.com\/index.php?rest_route=\/wp\/v2\/posts\/85841","targetHints":{"allow":["GET"]}}],"collection":[{"href":"https:\/\/www.egemtv.com\/index.php?rest_route=\/wp\/v2\/posts"}],"about":[{"href":"https:\/\/www.egemtv.com\/index.php?rest_route=\/wp\/v2\/types\/post"}],"author":[{"embeddable":true,"href":"https:\/\/www.egemtv.com\/index.php?rest_route=\/wp\/v2\/users\/1"}],"replies":[{"embeddable":true,"href":"https:\/\/www.egemtv.com\/index.php?rest_route=%2Fwp%2Fv2%2Fcomments&post=85841"}],"version-history":[{"count":1,"href":"https:\/\/www.egemtv.com\/index.php?rest_route=\/wp\/v2\/posts\/85841\/revisions"}],"predecessor-version":[{"id":85843,"href":"https:\/\/www.egemtv.com\/index.php?rest_route=\/wp\/v2\/posts\/85841\/revisions\/85843"}],"wp:featuredmedia":[{"embeddable":true,"href":"https:\/\/www.egemtv.com\/index.php?rest_route=\/wp\/v2\/media\/85842"}],"wp:attachment":[{"href":"https:\/\/www.egemtv.com\/index.php?rest_route=%2Fwp%2Fv2%2Fmedia&parent=85841"}],"wp:term":[{"taxonomy":"category","embeddable":true,"href":"https:\/\/www.egemtv.com\/index.php?rest_route=%2Fwp%2Fv2%2Fcategories&post=85841"},{"taxonomy":"post_tag","embeddable":true,"href":"https:\/\/www.egemtv.com\/index.php?rest_route=%2Fwp%2Fv2%2Ftags&post=85841"}],"curies":[{"name":"wp","href":"https:\/\/api.w.org\/{rel}","templated":true}]}}