{"id":85838,"date":"2026-02-06T13:36:00","date_gmt":"2026-02-06T10:36:00","guid":{"rendered":"https:\/\/www.egemtv.com\/?p=85838"},"modified":"2026-02-06T13:36:01","modified_gmt":"2026-02-06T10:36:01","slug":"manisa-valisi-ozkan-afetlere-hazirlikli-olmak-bir-tercih-degil-hayati-bir-zorunluluktur","status":"publish","type":"post","link":"https:\/\/www.egemtv.com\/?p=85838","title":{"rendered":"Manisa Valisi \u00d6zkan: &#8220;Afetlere haz\u0131rl\u0131kl\u0131 olmak bir tercih de\u011fil, hayati bir zorunluluktur&#8221;"},"content":{"rendered":"<p>MAN\u0130SA (\u0130HA) \u2013 Manisa Valisi Vahdettin \u00d6zkan, 6 \u015eubat Kahramanmara\u015f merkezli depremlerin y\u0131l d\u00f6n\u00fcm\u00fc dolay\u0131s\u0131yla yay\u0131mlad\u0131\u011f\u0131 mesajda, afet risklerini azaltman\u0131n ve g\u00fcvenli yap\u0131la\u015fman\u0131n ertelenemez bir sorumluluk oldu\u011funu vurgulad\u0131.<br \/>\n<br \/>Manisa Valisi Vahdettin \u00d6zkan, 6 \u015eubat 2023\u2019te Kahramanmara\u015f merkezli meydana gelen ve bir\u00e7ok ili etkileyen depremlerin y\u0131l d\u00f6n\u00fcm\u00fc dolay\u0131s\u0131yla yapt\u0131\u011f\u0131 a\u00e7\u0131klamada, hayat\u0131n\u0131 kaybeden vatanda\u015flar\u0131 rahmetle anarak, ailelerine ve yak\u0131nlar\u0131na bir kez daha ba\u015fsa\u011fl\u0131\u011f\u0131 diledi.<br \/>\n<br \/>Depremlerin milletin haf\u0131zas\u0131nda silinmeyecek izler b\u0131rakt\u0131\u011f\u0131n\u0131 vurgulayan \u00d6zkan, &#8220;Millet\u00e7e ya\u015fad\u0131\u011f\u0131m\u0131z bu b\u00fcy\u00fck felaket, afetlere kar\u015f\u0131 haz\u0131rl\u0131kl\u0131 olman\u0131n bir tercih de\u011fil, hayati bir zorunluluk oldu\u011funu bizlere ac\u0131 bir tecr\u00fcbeyle g\u00f6stermi\u015ftir&#8221; dedi.<br \/>\n<br \/>G\u00fcvenli yap\u0131la\u015fman\u0131n \u00f6nemine dikkat \u00e7eken Vali \u00d6zkan, &#8220;6 \u015eubat depremleri, g\u00fcvenli yap\u0131la\u015fman\u0131n sa\u011flanmas\u0131 ve mevcut yap\u0131 stokunun ivedilikle iyile\u015ftirilmesinin ertelenemez bir sorumluluk oldu\u011funu a\u00e7\u0131k\u00e7a ortaya koymu\u015ftur. Afetleri tamamen engellemek m\u00fcmk\u00fcn olmasa da bilimsel temelli planlama, etkin denetim mekanizmalar\u0131 ve do\u011fru uygulamalarla can ve mal kay\u0131plar\u0131n\u0131 asgariye indirmek m\u00fcmk\u00fcnd\u00fcr&#8221; a\u00e7\u0131klamas\u0131nda bulundu.<br \/>\n<br \/>Manisa\u2019da y\u00fcr\u00fct\u00fclen \u00e7al\u0131\u015fmalara da de\u011finen \u00d6zkan, &#8220;Bu bilin\u00e7le ilimizde \u0130l Afet Risk Azaltma Plan\u0131 (\u0130RAP) kapsam\u0131nda afet risklerinin belirlenmesi ve azalt\u0131lmas\u0131na y\u00f6nelik \u00e7al\u0131\u015fmalar kararl\u0131l\u0131kla s\u00fcrd\u00fcr\u00fclmektedir. Risk analizleri bilimsel veriler, akademik \u00e7al\u0131\u015fmalar ve teknolojik altyap\u0131 esas al\u0131narak yap\u0131lmakta, her il\u00e7emizin kendine \u00f6zg\u00fc risk profiline g\u00f6re \u00f6nceliklendirilmi\u015f eylem planlar\u0131 haz\u0131rlanmakta ve uygulanmaktad\u0131r&#8221; ifadelerini kulland\u0131.<br \/>\n<br \/>Kurumlar aras\u0131 i\u015f birli\u011finin \u00f6nemine i\u015faret eden \u00d6zkan, &#8220;Kamu kurumlar\u0131m\u0131z, yerel y\u00f6netimlerimiz ve \u00fcniversitelerimizle g\u00fc\u00e7l\u00fc bir koordinasyon anlay\u0131\u015f\u0131 i\u00e7inde hareket ediyor, \u00f6nleyici tedbirleri merkeze alan bir yakla\u015f\u0131m\u0131 benimsiyoruz. Y\u00fcr\u00fct\u00fclen risk azaltma \u00e7al\u0131\u015fmalar\u0131n\u0131n sahadaki somut ve olumlu sonu\u00e7lar\u0131 g\u00f6r\u00fclmektedir&#8221; dedi.<br \/>\n<br \/>Afetlerle m\u00fccadelede toplumsal bilincin \u00f6nemine dikkat \u00e7eken Vali \u00d6zkan, &#8220;Ba\u015far\u0131 yaln\u0131zca yap\u0131sal \u00f6nlemlerle de\u011fil; kurumlar aras\u0131 g\u00fc\u00e7l\u00fc i\u015f birli\u011fi, ortak ak\u0131l, toplumsal fark\u0131ndal\u0131k ve vatanda\u015flar\u0131m\u0131z\u0131n s\u00fcrece aktif kat\u0131l\u0131m\u0131yla m\u00fcmk\u00fcnd\u00fcr. Afet bilincinin g\u00fcnl\u00fck ya\u015fam\u0131n ayr\u0131lmaz bir par\u00e7as\u0131 haline gelmesi, diren\u00e7li bir toplumun temelini olu\u015fturmaktad\u0131r&#8221; \u015feklinde konu\u015ftu.<br \/>\n<br \/>A\u00e7\u0131klamas\u0131n\u0131n sonunda \u00d6zkan, &#8220;Devletimiz t\u00fcm imkanlar\u0131yla daha g\u00fcvenli ve daha g\u00fc\u00e7l\u00fc bir gelecek in\u015fa etme kararl\u0131l\u0131\u011f\u0131n\u0131 s\u00fcrd\u00fcrmektedir. Bu vesileyle 6 \u015eubat depremlerinde hayat\u0131n\u0131 kaybeden t\u00fcm vatanda\u015flar\u0131m\u0131za Allah\u2019tan rahmet diliyor, milletimizin bir daha b\u00f6yle ac\u0131lar ya\u015famamas\u0131n\u0131 temenni ediyorum&#8221; ifadelerine yer verdi.<br \/><\/p>\n","protected":false},"excerpt":{"rendered":"<p>MAN\u0130SA (\u0130HA) \u2013 Manisa Valisi Vahdettin \u00d6zkan, 6 \u015eubat Kahramanmara\u015f merkezli depremlerin y\u0131l d\u00f6n\u00fcm\u00fc dolay\u0131s\u0131yla yay\u0131mlad\u0131\u011f\u0131 mesajda, afet risklerini azaltman\u0131n ve g\u00fcvenli yap\u0131la\u015fman\u0131n ertelenemez bir sorumluluk oldu\u011funu vurgulad\u0131. Manisa Valisi Vahdettin \u00d6zkan, 6 \u015eubat 2023\u2019te Kahramanmara\u015f merkezli meydana gelen ve bir\u00e7ok ili etkileyen depremlerin y\u0131l d\u00f6n\u00fcm\u00fc dolay\u0131s\u0131yla yapt\u0131\u011f\u0131 a\u00e7\u0131klamada, hayat\u0131n\u0131 kaybeden vatanda\u015flar\u0131 rahmetle anarak, ailelerine&#8230;<\/p>\n","protected":false},"author":1,"featured_media":85839,"comment_status":"open","ping_status":"open","sticky":false,"template":"","format":"standard","meta":{"_crdt_document":"","footnotes":""},"categories":[123],"tags":[],"class_list":["post-85838","post","type-post","status-publish","format-standard","has-post-thumbnail","hentry","category-gundem"],"_links":{"self":[{"href":"https:\/\/www.egemtv.com\/index.php?rest_route=\/wp\/v2\/posts\/85838","targetHints":{"allow":["GET"]}}],"collection":[{"href":"https:\/\/www.egemtv.com\/index.php?rest_route=\/wp\/v2\/posts"}],"about":[{"href":"https:\/\/www.egemtv.com\/index.php?rest_route=\/wp\/v2\/types\/post"}],"author":[{"embeddable":true,"href":"https:\/\/www.egemtv.com\/index.php?rest_route=\/wp\/v2\/users\/1"}],"replies":[{"embeddable":true,"href":"https:\/\/www.egemtv.com\/index.php?rest_route=%2Fwp%2Fv2%2Fcomments&post=85838"}],"version-history":[{"count":1,"href":"https:\/\/www.egemtv.com\/index.php?rest_route=\/wp\/v2\/posts\/85838\/revisions"}],"predecessor-version":[{"id":85840,"href":"https:\/\/www.egemtv.com\/index.php?rest_route=\/wp\/v2\/posts\/85838\/revisions\/85840"}],"wp:featuredmedia":[{"embeddable":true,"href":"https:\/\/www.egemtv.com\/index.php?rest_route=\/wp\/v2\/media\/85839"}],"wp:attachment":[{"href":"https:\/\/www.egemtv.com\/index.php?rest_route=%2Fwp%2Fv2%2Fmedia&parent=85838"}],"wp:term":[{"taxonomy":"category","embeddable":true,"href":"https:\/\/www.egemtv.com\/index.php?rest_route=%2Fwp%2Fv2%2Fcategories&post=85838"},{"taxonomy":"post_tag","embeddable":true,"href":"https:\/\/www.egemtv.com\/index.php?rest_route=%2Fwp%2Fv2%2Ftags&post=85838"}],"curies":[{"name":"wp","href":"https:\/\/api.w.org\/{rel}","templated":true}]}}