{"id":85835,"date":"2026-02-06T13:35:59","date_gmt":"2026-02-06T10:35:59","guid":{"rendered":"https:\/\/www.egemtv.com\/?p=85835"},"modified":"2026-02-06T13:36:00","modified_gmt":"2026-02-06T10:36:00","slug":"nazillide-6-subat-depremlerinin-yil-donumunde-anlamli-egitim","status":"publish","type":"post","link":"https:\/\/www.egemtv.com\/?p=85835","title":{"rendered":"Nazilli\u2019de \u20196 \u015eubat Depremleri\u2019nin y\u0131l d\u00f6n\u00fcm\u00fcnde anlaml\u0131 e\u011fitim"},"content":{"rendered":"<p>Nazilli Belediyesi Afet ve Acil Durum Birimi(NAFAD) taraf\u0131ndan 6 \u015eubat depremlerinin y\u0131l d\u00f6n\u00fcm\u00fcnde, afetlere kar\u015f\u0131 toplumsal fark\u0131ndal\u0131\u011f\u0131 art\u0131rmak ve do\u011fru ilk yard\u0131m bilgisini yayg\u0131nla\u015ft\u0131rmak amac\u0131yla afet fark\u0131ndal\u0131\u011f\u0131 ve ilk yard\u0131m e\u011fitimi ger\u00e7ekle\u015ftirildi.<\/p>\n<p>Nazilli Belediye Ba\u015fkan\u0131 Dr. Ertu\u011frul Tetik\u2019in de kat\u0131ld\u0131\u011f\u0131 programda, muhtemel afetlere kar\u015f\u0131 haz\u0131rl\u0131kl\u0131 olman\u0131n ve do\u011fru m\u00fcdahalenin hayati \u00f6nem ta\u015f\u0131d\u0131\u011f\u0131 vurguland\u0131. Kat\u0131l\u0131mc\u0131lara afet an\u0131nda ve sonras\u0131nda yap\u0131lmas\u0131 gerekenler, temel ilk yard\u0131m uygulamalar\u0131 ve bilin\u00e7li hareket etmenin \u00f6nemi anlat\u0131ld\u0131. Programda eme\u011fi ge\u00e7en t\u00fcm NAFAD ekibine te\u015fekk\u00fcr eden Nazilli Belediye Ba\u015fkan\u0131 Dr. Ertu\u011frul Tetik; &#8220;Kaybetti\u011fimiz canlar\u0131 rahmetle anarken, bir daha ayn\u0131 ac\u0131lar\u0131 ya\u015famamak i\u00e7in bilin\u00e7lenmenin ne kadar hayati oldu\u011funu bir kez daha hat\u0131rl\u0131yoruz. Bu anlaml\u0131 g\u00fcnde halk\u0131m\u0131z\u0131 bilin\u00e7lendirmeyi ama\u00e7layan bu de\u011ferli \u00e7al\u0131\u015fmada yer almaktan onur duydum. Afetlere kar\u015f\u0131 dayan\u0131\u015fmay\u0131 b\u00fcy\u00fctmeyi ve haz\u0131rl\u0131kl\u0131 bir toplum i\u00e7in \u00e7al\u0131\u015fmay\u0131 kararl\u0131l\u0131kla s\u00fcrd\u00fcrece\u011fiz&#8221; dedi.<br \/><\/p>\n","protected":false},"excerpt":{"rendered":"<p>Nazilli Belediyesi Afet ve Acil Durum Birimi(NAFAD) taraf\u0131ndan 6 \u015eubat depremlerinin y\u0131l d\u00f6n\u00fcm\u00fcnde, afetlere kar\u015f\u0131 toplumsal fark\u0131ndal\u0131\u011f\u0131 art\u0131rmak ve do\u011fru ilk yard\u0131m bilgisini yayg\u0131nla\u015ft\u0131rmak amac\u0131yla afet fark\u0131ndal\u0131\u011f\u0131 ve ilk yard\u0131m e\u011fitimi ger\u00e7ekle\u015ftirildi. Nazilli Belediye Ba\u015fkan\u0131 Dr. Ertu\u011frul Tetik\u2019in de kat\u0131ld\u0131\u011f\u0131 programda, muhtemel afetlere kar\u015f\u0131 haz\u0131rl\u0131kl\u0131 olman\u0131n ve do\u011fru m\u00fcdahalenin hayati \u00f6nem ta\u015f\u0131d\u0131\u011f\u0131 vurguland\u0131. Kat\u0131l\u0131mc\u0131lara afet&#8230;<\/p>\n","protected":false},"author":1,"featured_media":85836,"comment_status":"open","ping_status":"open","sticky":false,"template":"","format":"standard","meta":{"_crdt_document":"","footnotes":""},"categories":[1],"tags":[],"class_list":["post-85835","post","type-post","status-publish","format-standard","has-post-thumbnail","hentry","category-guncel"],"_links":{"self":[{"href":"https:\/\/www.egemtv.com\/index.php?rest_route=\/wp\/v2\/posts\/85835","targetHints":{"allow":["GET"]}}],"collection":[{"href":"https:\/\/www.egemtv.com\/index.php?rest_route=\/wp\/v2\/posts"}],"about":[{"href":"https:\/\/www.egemtv.com\/index.php?rest_route=\/wp\/v2\/types\/post"}],"author":[{"embeddable":true,"href":"https:\/\/www.egemtv.com\/index.php?rest_route=\/wp\/v2\/users\/1"}],"replies":[{"embeddable":true,"href":"https:\/\/www.egemtv.com\/index.php?rest_route=%2Fwp%2Fv2%2Fcomments&post=85835"}],"version-history":[{"count":1,"href":"https:\/\/www.egemtv.com\/index.php?rest_route=\/wp\/v2\/posts\/85835\/revisions"}],"predecessor-version":[{"id":85837,"href":"https:\/\/www.egemtv.com\/index.php?rest_route=\/wp\/v2\/posts\/85835\/revisions\/85837"}],"wp:featuredmedia":[{"embeddable":true,"href":"https:\/\/www.egemtv.com\/index.php?rest_route=\/wp\/v2\/media\/85836"}],"wp:attachment":[{"href":"https:\/\/www.egemtv.com\/index.php?rest_route=%2Fwp%2Fv2%2Fmedia&parent=85835"}],"wp:term":[{"taxonomy":"category","embeddable":true,"href":"https:\/\/www.egemtv.com\/index.php?rest_route=%2Fwp%2Fv2%2Fcategories&post=85835"},{"taxonomy":"post_tag","embeddable":true,"href":"https:\/\/www.egemtv.com\/index.php?rest_route=%2Fwp%2Fv2%2Ftags&post=85835"}],"curies":[{"name":"wp","href":"https:\/\/api.w.org\/{rel}","templated":true}]}}