{"id":85832,"date":"2026-02-06T13:35:58","date_gmt":"2026-02-06T10:35:58","guid":{"rendered":"https:\/\/www.egemtv.com\/?p=85832"},"modified":"2026-02-06T13:35:59","modified_gmt":"2026-02-06T10:35:59","slug":"aydinda-iki-cop-evden-13-kamyon-cop-cikti","status":"publish","type":"post","link":"https:\/\/www.egemtv.com\/?p=85832","title":{"rendered":"Ayd\u0131n\u2019da iki \u00e7\u00f6p evden 13 kamyon \u00e7\u00f6p \u00e7\u0131kt\u0131"},"content":{"rendered":"<p>Ayd\u0131n\u2019\u0131n Efeler il\u00e7esinde iki ayr\u0131 adreste tespit edilen \u00e7\u00f6p evlerden belediye ekipleri taraf\u0131ndan 13 kamyon \u00e7\u00f6p \u00e7\u0131kar\u0131ld\u0131.<br \/>\n<br \/>Efeler Belediyesi Temizlik \u0130\u015fleri M\u00fcd\u00fcrl\u00fc\u011f\u00fc ekipleri, vatanda\u015flar\u0131n daha temiz, sa\u011fl\u0131kl\u0131 ve hijyenik bir kentte ya\u015famalar\u0131n\u0131 sa\u011flamak amac\u0131yla \u00e7al\u0131\u015fmalar\u0131n\u0131 aral\u0131ks\u0131z s\u00fcrd\u00fcr\u00fcyor. Bu kapsamda Kemer ve Mesudiye mahallelerinde tespit edilen \u00e7\u00f6p evlere y\u00f6nelik kapsaml\u0131 bir temizlik \u00e7al\u0131\u015fmas\u0131 ger\u00e7ekle\u015ftirildi.<br \/>\n<br \/>Ekipler, Kemer Mahallesi 1819 Sokak ile Mesudiye Mahallesi 1637 Sokak\u2019ta bulunan iki ayr\u0131 \u00e7\u00f6p evde detayl\u0131 temizlik yapt\u0131. \u00c7al\u0131\u015fmalar s\u0131ras\u0131nda evlerden toplam 13 kamyon \u00e7\u00f6p \u00e7\u0131kar\u0131larak \u00e7evre ve insan sa\u011fl\u0131\u011f\u0131n\u0131 tehdit eden unsurlar tamamen ortadan kald\u0131r\u0131ld\u0131.<br \/>\n<br \/>Temizlik \u0130\u015fleri M\u00fcd\u00fcrl\u00fc\u011f\u00fc ekiplerinin \u00e7al\u0131\u015fmalar\u0131n\u0131 tamamlamas\u0131n\u0131n ard\u0131ndan, Sa\u011fl\u0131k \u0130\u015fleri M\u00fcd\u00fcrl\u00fc\u011f\u00fc ekipleri de devreye girerek evlerde ila\u00e7lama ve dezenfeksiyon i\u015flemleri ger\u00e7ekle\u015ftirdi. Titizlikle y\u00fcr\u00fct\u00fclen \u00e7al\u0131\u015fmalar sonucunda evler, yeniden sa\u011fl\u0131kl\u0131 ve g\u00fcvenli bir \u015fekilde kullan\u0131labilir hale getirildi.<br \/>\n<br \/>Efeler Belediyesi\u2019nin h\u0131zl\u0131 m\u00fcdahalesi, mahalle sakinleri taraf\u0131ndan da memnuniyetle kar\u015f\u0131lan\u0131rken, Efeler Belediye Ba\u015fkan\u0131 An\u0131l Yeti\u015fkin ve belediye personeline te\u015fekk\u00fcr etti.<br \/><\/p>\n","protected":false},"excerpt":{"rendered":"<p>Ayd\u0131n\u2019\u0131n Efeler il\u00e7esinde iki ayr\u0131 adreste tespit edilen \u00e7\u00f6p evlerden belediye ekipleri taraf\u0131ndan 13 kamyon \u00e7\u00f6p \u00e7\u0131kar\u0131ld\u0131. Efeler Belediyesi Temizlik \u0130\u015fleri M\u00fcd\u00fcrl\u00fc\u011f\u00fc ekipleri, vatanda\u015flar\u0131n daha temiz, sa\u011fl\u0131kl\u0131 ve hijyenik bir kentte ya\u015famalar\u0131n\u0131 sa\u011flamak amac\u0131yla \u00e7al\u0131\u015fmalar\u0131n\u0131 aral\u0131ks\u0131z s\u00fcrd\u00fcr\u00fcyor. Bu kapsamda Kemer ve Mesudiye mahallelerinde tespit edilen \u00e7\u00f6p evlere y\u00f6nelik kapsaml\u0131 bir temizlik \u00e7al\u0131\u015fmas\u0131 ger\u00e7ekle\u015ftirildi. Ekipler, Kemer&#8230;<\/p>\n","protected":false},"author":1,"featured_media":85833,"comment_status":"open","ping_status":"open","sticky":false,"template":"","format":"standard","meta":{"_crdt_document":"","footnotes":""},"categories":[1],"tags":[],"class_list":["post-85832","post","type-post","status-publish","format-standard","has-post-thumbnail","hentry","category-guncel"],"_links":{"self":[{"href":"https:\/\/www.egemtv.com\/index.php?rest_route=\/wp\/v2\/posts\/85832","targetHints":{"allow":["GET"]}}],"collection":[{"href":"https:\/\/www.egemtv.com\/index.php?rest_route=\/wp\/v2\/posts"}],"about":[{"href":"https:\/\/www.egemtv.com\/index.php?rest_route=\/wp\/v2\/types\/post"}],"author":[{"embeddable":true,"href":"https:\/\/www.egemtv.com\/index.php?rest_route=\/wp\/v2\/users\/1"}],"replies":[{"embeddable":true,"href":"https:\/\/www.egemtv.com\/index.php?rest_route=%2Fwp%2Fv2%2Fcomments&post=85832"}],"version-history":[{"count":1,"href":"https:\/\/www.egemtv.com\/index.php?rest_route=\/wp\/v2\/posts\/85832\/revisions"}],"predecessor-version":[{"id":85834,"href":"https:\/\/www.egemtv.com\/index.php?rest_route=\/wp\/v2\/posts\/85832\/revisions\/85834"}],"wp:featuredmedia":[{"embeddable":true,"href":"https:\/\/www.egemtv.com\/index.php?rest_route=\/wp\/v2\/media\/85833"}],"wp:attachment":[{"href":"https:\/\/www.egemtv.com\/index.php?rest_route=%2Fwp%2Fv2%2Fmedia&parent=85832"}],"wp:term":[{"taxonomy":"category","embeddable":true,"href":"https:\/\/www.egemtv.com\/index.php?rest_route=%2Fwp%2Fv2%2Fcategories&post=85832"},{"taxonomy":"post_tag","embeddable":true,"href":"https:\/\/www.egemtv.com\/index.php?rest_route=%2Fwp%2Fv2%2Ftags&post=85832"}],"curies":[{"name":"wp","href":"https:\/\/api.w.org\/{rel}","templated":true}]}}