{"id":85829,"date":"2026-02-06T13:15:06","date_gmt":"2026-02-06T10:15:06","guid":{"rendered":"https:\/\/www.egemtv.com\/?p=85829"},"modified":"2026-02-06T13:15:07","modified_gmt":"2026-02-06T10:15:07","slug":"nazillide-dolandiricilik-sucundan-aranan-hukumlu-yakalandi","status":"publish","type":"post","link":"https:\/\/www.egemtv.com\/?p=85829","title":{"rendered":"Nazilli\u2019de doland\u0131r\u0131c\u0131l\u0131k su\u00e7undan aranan h\u00fck\u00fcml\u00fc yakaland\u0131"},"content":{"rendered":"<p>Ayd\u0131n\u2019\u0131n Nazilli il\u00e7esinde doland\u0131r\u0131c\u0131l\u0131k su\u00e7undan aranan ve hakk\u0131nda 5 y\u0131l kesinle\u015fmi\u015f hapis cezas\u0131 bulunan h\u00fck\u00fcml\u00fc jandarma ekipleri taraf\u0131ndan yakaland\u0131.<br \/>\n<br \/>Ayd\u0131n \u0130l Jandarma Komutanl\u0131\u011f\u0131 Nazilli \u0130l\u00e7e Jandarma Komutanl\u0131\u011f\u0131 JASAT ekiplerince, aranan \u015fah\u0131slar\u0131n yakalanmas\u0131na y\u00f6nelik y\u00fcr\u00fct\u00fclen \u00e7al\u0131\u015fmalar kapsam\u0131nda Ocakl\u0131 Mahallesi\u2019nde ger\u00e7ekle\u015ftirilen \u00e7al\u0131\u015fmada; bili\u015fim sistemleri ile banka veya kredi kurumlar\u0131n\u0131n ara\u00e7 olarak kullan\u0131lmas\u0131 suretiyle doland\u0131r\u0131c\u0131l\u0131k su\u00e7undan aranan ve hakk\u0131nda 5 y\u0131l kesinle\u015fmi\u015f hapis cezas\u0131 bulunan M.A. (44) yakaland\u0131. Yakalanan h\u00fck\u00fcml\u00fc, jandarmadaki i\u015flemlerinin tamamlanmas\u0131n\u0131n ard\u0131ndan Kapal\u0131 Ceza \u0130nfaz Kurumuna teslim edildi.<br \/><\/p>\n","protected":false},"excerpt":{"rendered":"<p>Ayd\u0131n\u2019\u0131n Nazilli il\u00e7esinde doland\u0131r\u0131c\u0131l\u0131k su\u00e7undan aranan ve hakk\u0131nda 5 y\u0131l kesinle\u015fmi\u015f hapis cezas\u0131 bulunan h\u00fck\u00fcml\u00fc jandarma ekipleri taraf\u0131ndan yakaland\u0131. Ayd\u0131n \u0130l Jandarma Komutanl\u0131\u011f\u0131 Nazilli \u0130l\u00e7e Jandarma Komutanl\u0131\u011f\u0131 JASAT ekiplerince, aranan \u015fah\u0131slar\u0131n yakalanmas\u0131na y\u00f6nelik y\u00fcr\u00fct\u00fclen \u00e7al\u0131\u015fmalar kapsam\u0131nda Ocakl\u0131 Mahallesi\u2019nde ger\u00e7ekle\u015ftirilen \u00e7al\u0131\u015fmada; bili\u015fim sistemleri ile banka veya kredi kurumlar\u0131n\u0131n ara\u00e7 olarak kullan\u0131lmas\u0131 suretiyle doland\u0131r\u0131c\u0131l\u0131k su\u00e7undan aranan ve&#8230;<\/p>\n","protected":false},"author":1,"featured_media":85830,"comment_status":"open","ping_status":"open","sticky":false,"template":"","format":"standard","meta":{"_crdt_document":"","footnotes":""},"categories":[5],"tags":[],"class_list":["post-85829","post","type-post","status-publish","format-standard","has-post-thumbnail","hentry","category-asayis"],"_links":{"self":[{"href":"https:\/\/www.egemtv.com\/index.php?rest_route=\/wp\/v2\/posts\/85829","targetHints":{"allow":["GET"]}}],"collection":[{"href":"https:\/\/www.egemtv.com\/index.php?rest_route=\/wp\/v2\/posts"}],"about":[{"href":"https:\/\/www.egemtv.com\/index.php?rest_route=\/wp\/v2\/types\/post"}],"author":[{"embeddable":true,"href":"https:\/\/www.egemtv.com\/index.php?rest_route=\/wp\/v2\/users\/1"}],"replies":[{"embeddable":true,"href":"https:\/\/www.egemtv.com\/index.php?rest_route=%2Fwp%2Fv2%2Fcomments&post=85829"}],"version-history":[{"count":1,"href":"https:\/\/www.egemtv.com\/index.php?rest_route=\/wp\/v2\/posts\/85829\/revisions"}],"predecessor-version":[{"id":85831,"href":"https:\/\/www.egemtv.com\/index.php?rest_route=\/wp\/v2\/posts\/85829\/revisions\/85831"}],"wp:featuredmedia":[{"embeddable":true,"href":"https:\/\/www.egemtv.com\/index.php?rest_route=\/wp\/v2\/media\/85830"}],"wp:attachment":[{"href":"https:\/\/www.egemtv.com\/index.php?rest_route=%2Fwp%2Fv2%2Fmedia&parent=85829"}],"wp:term":[{"taxonomy":"category","embeddable":true,"href":"https:\/\/www.egemtv.com\/index.php?rest_route=%2Fwp%2Fv2%2Fcategories&post=85829"},{"taxonomy":"post_tag","embeddable":true,"href":"https:\/\/www.egemtv.com\/index.php?rest_route=%2Fwp%2Fv2%2Ftags&post=85829"}],"curies":[{"name":"wp","href":"https:\/\/api.w.org\/{rel}","templated":true}]}}