{"id":85826,"date":"2026-02-06T13:15:05","date_gmt":"2026-02-06T10:15:05","guid":{"rendered":"https:\/\/www.egemtv.com\/?p=85826"},"modified":"2026-02-06T13:15:06","modified_gmt":"2026-02-06T10:15:06","slug":"kereste-makinesinden-firlayan-parca-iscinin-olumune-neden-oldu","status":"publish","type":"post","link":"https:\/\/www.egemtv.com\/?p=85826","title":{"rendered":"Kereste makinesinden f\u0131rlayan par\u00e7a i\u015f\u00e7inin \u00f6l\u00fcm\u00fcne neden oldu"},"content":{"rendered":"<p>Denizli\u2019de kereste fabrikas\u0131nda ar\u0131zalanan makineden f\u0131rlayan kereste kafas\u0131na \u00e7apan i\u015f\u00e7i ya\u015fam\u0131n\u0131 yitirdi.<br \/>\n<br \/>Olay, Merkezefendi il\u00e7esi Hac\u0131ey\u00fcpl\u00fc Mahallesi\u2019nde meydana geldi. Edinilen bilgilere g\u00f6re, bir kereste fabrikas\u0131nda \u00e7al\u0131\u015fan Zihni Altun (27), i\u015f s\u0131ras\u0131nda ar\u0131zalanan makinenin f\u0131rlatt\u0131\u011f\u0131 kereste par\u00e7as\u0131n\u0131n ba\u015f\u0131na \u00e7arpmas\u0131 sonucu a\u011f\u0131r yaraland\u0131. \u0130\u015f arkada\u015flar\u0131n\u0131n 112 Acil \u00c7a\u011fr\u0131 Merkezine ihbar\u0131 \u00fczerine adrese polis ve sa\u011fl\u0131k ekipleri sevk edildi. Olay yerine sevk edilen sa\u011fl\u0131k ekipleri taraf\u0131ndan yap\u0131lan kontrolde, Zihni Altun\u2019un hayat\u0131n\u0131 kaybetti\u011fi belirlendi. Olay yeri inceleme ekipleri taraf\u0131ndan yap\u0131lan incelemelerin ard\u0131ndan hayat\u0131n\u0131 kaybeden i\u015f\u00e7inin cenazesi, otopsi yap\u0131lmak \u00fczere Adli T\u0131p Kurumu Denizli Grup Ba\u015fkanl\u0131\u011f\u0131 morguna kald\u0131r\u0131ld\u0131.<br \/>\n<br \/>Olayla ilgili soru\u015fturma ba\u015flat\u0131ld\u0131.<br \/><\/p>\n","protected":false},"excerpt":{"rendered":"<p>Denizli\u2019de kereste fabrikas\u0131nda ar\u0131zalanan makineden f\u0131rlayan kereste kafas\u0131na \u00e7apan i\u015f\u00e7i ya\u015fam\u0131n\u0131 yitirdi. Olay, Merkezefendi il\u00e7esi Hac\u0131ey\u00fcpl\u00fc Mahallesi\u2019nde meydana geldi. Edinilen bilgilere g\u00f6re, bir kereste fabrikas\u0131nda \u00e7al\u0131\u015fan Zihni Altun (27), i\u015f s\u0131ras\u0131nda ar\u0131zalanan makinenin f\u0131rlatt\u0131\u011f\u0131 kereste par\u00e7as\u0131n\u0131n ba\u015f\u0131na \u00e7arpmas\u0131 sonucu a\u011f\u0131r yaraland\u0131. \u0130\u015f arkada\u015flar\u0131n\u0131n 112 Acil \u00c7a\u011fr\u0131 Merkezine ihbar\u0131 \u00fczerine adrese polis ve sa\u011fl\u0131k ekipleri sevk&#8230;<\/p>\n","protected":false},"author":1,"featured_media":85827,"comment_status":"open","ping_status":"open","sticky":false,"template":"","format":"standard","meta":{"_crdt_document":"","footnotes":""},"categories":[5],"tags":[],"class_list":["post-85826","post","type-post","status-publish","format-standard","has-post-thumbnail","hentry","category-asayis"],"_links":{"self":[{"href":"https:\/\/www.egemtv.com\/index.php?rest_route=\/wp\/v2\/posts\/85826","targetHints":{"allow":["GET"]}}],"collection":[{"href":"https:\/\/www.egemtv.com\/index.php?rest_route=\/wp\/v2\/posts"}],"about":[{"href":"https:\/\/www.egemtv.com\/index.php?rest_route=\/wp\/v2\/types\/post"}],"author":[{"embeddable":true,"href":"https:\/\/www.egemtv.com\/index.php?rest_route=\/wp\/v2\/users\/1"}],"replies":[{"embeddable":true,"href":"https:\/\/www.egemtv.com\/index.php?rest_route=%2Fwp%2Fv2%2Fcomments&post=85826"}],"version-history":[{"count":1,"href":"https:\/\/www.egemtv.com\/index.php?rest_route=\/wp\/v2\/posts\/85826\/revisions"}],"predecessor-version":[{"id":85828,"href":"https:\/\/www.egemtv.com\/index.php?rest_route=\/wp\/v2\/posts\/85826\/revisions\/85828"}],"wp:featuredmedia":[{"embeddable":true,"href":"https:\/\/www.egemtv.com\/index.php?rest_route=\/wp\/v2\/media\/85827"}],"wp:attachment":[{"href":"https:\/\/www.egemtv.com\/index.php?rest_route=%2Fwp%2Fv2%2Fmedia&parent=85826"}],"wp:term":[{"taxonomy":"category","embeddable":true,"href":"https:\/\/www.egemtv.com\/index.php?rest_route=%2Fwp%2Fv2%2Fcategories&post=85826"},{"taxonomy":"post_tag","embeddable":true,"href":"https:\/\/www.egemtv.com\/index.php?rest_route=%2Fwp%2Fv2%2Ftags&post=85826"}],"curies":[{"name":"wp","href":"https:\/\/api.w.org\/{rel}","templated":true}]}}