{"id":85820,"date":"2026-02-06T13:15:03","date_gmt":"2026-02-06T10:15:03","guid":{"rendered":"https:\/\/www.egemtv.com\/?p=85820"},"modified":"2026-02-06T13:15:04","modified_gmt":"2026-02-06T10:15:04","slug":"bakan-tunc-2025de-11-milyon-779-bin-741-derdest-dosya-bulunurken-14-milyon-41-bin-279-dosyada-karar-verildi","status":"publish","type":"post","link":"https:\/\/www.egemtv.com\/?p=85820","title":{"rendered":"Bakan Tun\u00e7: &#8220;2025\u2019de 11 milyon 779 bin 741 derdest dosya bulunurken, 14 milyon 41 bin 279 dosyada karar verildi&#8221;"},"content":{"rendered":"<p>Adalet Bakan\u0131 Y\u0131lmaz Tun\u00e7, 2025 y\u0131l\u0131nda T\u00fcrkiye\u2019de yarg\u0131ya intikal eden dosya say\u0131s\u0131n\u0131 a\u00e7\u0131klayarak, &#8220;2025 y\u0131l\u0131 Aral\u0131k ay\u0131 sonu itibar\u0131yla cumhuriyet ba\u015fsavc\u0131l\u0131klar\u0131nda 6 milyon 24 bin 341, ilk derece mahkemelerinde 3 milyon 868 bin 477 ve istinaf mahkemelerinde 1 milyon 452 bin 252 dosya bulunmaktad\u0131r. Temyiz mahkemelerini de g\u00f6z \u00f6n\u00fcne ald\u0131\u011f\u0131m\u0131zda toplam 11 milyon 779 bin 741 derdest dosya bulunmaktad\u0131r&#8221; dedi.<br \/>\n<br \/>Bakan Tun\u00e7, Afyonkarahisar\u2019da ger\u00e7ekle\u015ftirilen \u2019Kanun Yolu Uygulamalar\u0131\u2019 konulu toplant\u0131da kanun yollar\u0131n\u0131n hukuktaki \u00f6nemine dikkat \u00e7ekti. Kanun yollar\u0131 ibaresinin \u2018karar\u0131n \u00fcst yarg\u0131 mercilerince denetiminin yan\u0131nda hakikate bir kez daha bakma iradesi\u2019 oldu\u011funun alt\u0131n\u0131 \u00e7izen Bakan Tun\u00e7, &#8220;Hakikat, \u00e7o\u011fu zaman ilk bak\u0131\u015fta g\u00f6r\u00fcnmeyebilir. Dosyan\u0131n karma\u015f\u0131kl\u0131\u011f\u0131, hukukun farkl\u0131 yorumlanmas\u0131, bazen ger\u00e7e\u011fin tam anlam\u0131yla ortaya \u00e7\u0131kmamas\u0131na sebep olabilir. \u0130\u015fte kanun yollar\u0131, karar\u0131n hukuka uygunlu\u011funu ve isabetini g\u00fcvence alt\u0131na alan bir ba\u015fvuru yoludur. Bu nedenle istinaf ve temyiz, birer \u2018tekrar\u2019 de\u011fil derinle\u015fme a\u015famas\u0131d\u0131r. Bu nedenle kanun yollar\u0131, yarg\u0131n\u0131n kendisini topluma anlatma bi\u00e7imidir&#8221; diye konu\u015ftu.<\/p>\n<p>&#8220;Yarg\u0131yla ilgili 14 milyon 41 bin 279 dosyada karar verildi&#8221;<br \/>\n<br \/>2025 y\u0131l\u0131nda 14 milyon 41 bin 279 davan\u0131n karara ba\u011fland\u0131\u011f\u0131n\u0131 belirten Bakan Tun\u00e7, 2025 Aral\u0131k ay\u0131 sonu itibar\u0131yla elde edilen istatistiki verileri payla\u015farak \u015funlar\u0131 s\u00f6yledi:<br \/>\n<br \/>&#8220;Cumhuriyet ba\u015fsavc\u0131l\u0131klar\u0131nda 6 milyon 24 bin 341, ilk derece mahkemelerinde 3 milyon 868 bin 477, istinaf mahkemelerinde 1 milyon 452 bin 252, temyiz mahkemelerinde ise 434 bin 671 olmak \u00fczere toplam 11 milyon 779 bin 741 derdest (mevcutta a\u00e7\u0131lan ve g\u00f6r\u00fclmekte olan bir davan\u0131n herhangi bir mahkemede tekrar a\u00e7\u0131lmas\u0131) dosya bulunmaktad\u0131r. Yine 2025 y\u0131l\u0131n\u0131n Aral\u0131k ay\u0131 sonu itibar\u0131yla yarg\u0131 te\u015fkilat\u0131nda cumhuriyet ba\u015fsavc\u0131l\u0131klar\u0131nda 5 milyon 647 bin 455, ilk derece mahkemelerinde 5 milyon 872 bin 970, istinaf mahkemelerinde 1 milyon 970 bin 134 ve temyiz mahkemelerinde ise 550 bin 720 olmak \u00fczere toplam 14 milyon 41 bin 279 dosyada karar vermi\u015ftir. Bu rakamlar, yarg\u0131 te\u015fkilat\u0131n\u0131n adaleti zaman\u0131nda, denetlenebilir ve sorumluluk bilinciyle tesis etmeye y\u00f6nelik g\u00fc\u00e7l\u00fc bir kurumsal iradeye sahip oldu\u011funu a\u00e7\u0131k\u00e7a ortaya koymaktad\u0131r.&#8221;<\/p>\n<p>12. Yarg\u0131 Paketi\u2019yle ilgili a\u00e7\u0131klama<br \/>\n<br \/>Tutuklu, h\u00fck\u00fcml\u00fc ve yak\u0131nlar\u0131n\u0131 do\u011frudan ilgilendiren 12. Yarg\u0131 Paketi hakk\u0131nda da de\u011ferlendirmelerde bulunan Bakan Tun\u00e7, &#8220;Bunlar\u0131n yan\u0131nda kanun yoluyla ilgili reform irademizi s\u00fcrekli canl\u0131 tutuyor ve uygulamada ortaya \u00e7\u0131kan ihtiya\u00e7lar do\u011frultusunda yeni ad\u0131mlar atmaya devam ediyoruz. Bu \u00e7er\u00e7evede yak\u0131n bir zamanda TBMM\u2019de g\u00f6r\u00fc\u015f\u00fclecek 12. Yarg\u0131 Paketi\u2019nde kanun yolunu ilgilendiren \u00f6nemli d\u00fczenlemeler i\u00e7ermektedir. Paket de bozma sonras\u0131 dosyalar\u0131n \u00f6ncelikli incelenmesi ve sadece g\u00f6rev y\u00f6n\u00fcnden kararlar\u0131n bozulmas\u0131n\u0131n \u00f6n\u00fcne ge\u00e7ilerek yarg\u0131lamalar\u0131n uzamas\u0131n\u0131n \u00f6n\u00fcne ge\u00e7ilmesi ama\u00e7lanmaktad\u0131r&#8221; diye konu\u015ftu.<br \/>\n<br \/>Toplant\u0131ya Yarg\u0131tay Cumhuriyet Ba\u015fsavc\u0131s\u0131 Muhsin \u015eent\u00fcrk\u2019\u00fcn yan\u0131 s\u0131ra \u00e7ok say\u0131da hakim ve savc\u0131 kat\u0131ld\u0131.<br \/><\/p>\n","protected":false},"excerpt":{"rendered":"<p>Adalet Bakan\u0131 Y\u0131lmaz Tun\u00e7, 2025 y\u0131l\u0131nda T\u00fcrkiye\u2019de yarg\u0131ya intikal eden dosya say\u0131s\u0131n\u0131 a\u00e7\u0131klayarak, &#8220;2025 y\u0131l\u0131 Aral\u0131k ay\u0131 sonu itibar\u0131yla cumhuriyet ba\u015fsavc\u0131l\u0131klar\u0131nda 6 milyon 24 bin 341, ilk derece mahkemelerinde 3 milyon 868 bin 477 ve istinaf mahkemelerinde 1 milyon 452 bin 252 dosya bulunmaktad\u0131r. Temyiz mahkemelerini de g\u00f6z \u00f6n\u00fcne ald\u0131\u011f\u0131m\u0131zda toplam 11 milyon 779 bin&#8230;<\/p>\n","protected":false},"author":1,"featured_media":85821,"comment_status":"open","ping_status":"open","sticky":false,"template":"","format":"standard","meta":{"_crdt_document":"","footnotes":""},"categories":[127],"tags":[],"class_list":["post-85820","post","type-post","status-publish","format-standard","has-post-thumbnail","hentry","category-siyaset"],"_links":{"self":[{"href":"https:\/\/www.egemtv.com\/index.php?rest_route=\/wp\/v2\/posts\/85820","targetHints":{"allow":["GET"]}}],"collection":[{"href":"https:\/\/www.egemtv.com\/index.php?rest_route=\/wp\/v2\/posts"}],"about":[{"href":"https:\/\/www.egemtv.com\/index.php?rest_route=\/wp\/v2\/types\/post"}],"author":[{"embeddable":true,"href":"https:\/\/www.egemtv.com\/index.php?rest_route=\/wp\/v2\/users\/1"}],"replies":[{"embeddable":true,"href":"https:\/\/www.egemtv.com\/index.php?rest_route=%2Fwp%2Fv2%2Fcomments&post=85820"}],"version-history":[{"count":1,"href":"https:\/\/www.egemtv.com\/index.php?rest_route=\/wp\/v2\/posts\/85820\/revisions"}],"predecessor-version":[{"id":85822,"href":"https:\/\/www.egemtv.com\/index.php?rest_route=\/wp\/v2\/posts\/85820\/revisions\/85822"}],"wp:featuredmedia":[{"embeddable":true,"href":"https:\/\/www.egemtv.com\/index.php?rest_route=\/wp\/v2\/media\/85821"}],"wp:attachment":[{"href":"https:\/\/www.egemtv.com\/index.php?rest_route=%2Fwp%2Fv2%2Fmedia&parent=85820"}],"wp:term":[{"taxonomy":"category","embeddable":true,"href":"https:\/\/www.egemtv.com\/index.php?rest_route=%2Fwp%2Fv2%2Fcategories&post=85820"},{"taxonomy":"post_tag","embeddable":true,"href":"https:\/\/www.egemtv.com\/index.php?rest_route=%2Fwp%2Fv2%2Ftags&post=85820"}],"curies":[{"name":"wp","href":"https:\/\/api.w.org\/{rel}","templated":true}]}}