{"id":85817,"date":"2026-02-06T12:54:54","date_gmt":"2026-02-06T09:54:54","guid":{"rendered":"https:\/\/www.egemtv.com\/?p=85817"},"modified":"2026-02-06T12:54:55","modified_gmt":"2026-02-06T09:54:55","slug":"marmariste-saganak-yagisin-izleri-gun-agarinca-ortaya-cikti","status":"publish","type":"post","link":"https:\/\/www.egemtv.com\/?p=85817","title":{"rendered":"Marmaris\u2019te sa\u011fanak ya\u011f\u0131\u015f\u0131n izleri g\u00fcn a\u011far\u0131nca ortaya \u00e7\u0131kt\u0131"},"content":{"rendered":"<p>Mu\u011fla\u2019n\u0131n Marmaris il\u00e7esinde gece saatlerinde etkili olan sa\u011fanak ya\u011f\u0131\u015f sonras\u0131nda k\u0131rsal mahallelerde su bask\u0131nlar\u0131 meydana geldi, derelerde ta\u015fma ya\u015fand\u0131, sel sular\u0131na kap\u0131lan ara\u00e7taki bir ki\u015fi hayat\u0131n\u0131 kaybetti. G\u00fcn a\u011far\u0131nca selin izleri ise g\u00fcn a\u011far\u0131nca ortaya \u00e7\u0131kt\u0131.<br \/>\n<br \/>Mu\u011fla genelinde etkili olan sa\u011fanak ya\u011f\u0131\u015f hayat\u0131 olumsuz etkilerken, Marmaris il\u00e7esindeki k\u0131rsal mahallelerde de su bask\u0131nlar\u0131 meydana geldi. \u00d6zellikle Bay\u0131r, Osmaniye, Dere\u00f6z\u00fc, S\u00f6\u011f\u00fct, Turun\u00e7, \u0130\u00e7meler ve Orhaniye Mahallelerinde baz\u0131 evlerde su bask\u0131nlar\u0131 ya\u015fan\u0131rken, Turgut ve Bay\u0131r Mahalleri aras\u0131ndaki yola, a\u015f\u0131r\u0131 ya\u011f\u0131\u015f sebebiyle \u00e7amur ve kaya par\u00e7alar\u0131 d\u00fc\u015ft\u00fc. D\u00fc\u015fen b\u00fcy\u00fck kaya par\u00e7alar\u0131 yol kenarlar\u0131nda kal\u0131rken, baz\u0131 b\u00f6lgelerde yol k\u0131smen trafi\u011fe kapand\u0131. Dere yata\u011f\u0131n\u0131n ta\u015fmas\u0131 sonucu bir ara\u00e7 sel sular\u0131na kap\u0131larak s\u00fcr\u00fcklenirken, ara\u00e7 \u015fof\u00f6r\u00fc Zekeriya \u015eahin hayat\u0131n\u0131 kaybetti.<br \/>\n<br \/>Marmaris\u2019te gece boyunca etkili olan sa\u011fanak ya\u011f\u0131\u015f, hayat\u0131 olumsuz etkilerken, sel ve su bask\u0131nlar\u0131n\u0131n ya\u015fand\u0131\u011f\u0131 b\u00f6lgelerdeki olumsuzluklar g\u00fcn a\u011far\u0131nca ortaya \u00e7\u0131kt\u0131. Derelerin ta\u015fmas\u0131 sonucu bir \u00e7ok ev ve i\u015f yerinde meydana gelen hasarlar selin boyutunu g\u00f6zler \u00f6n\u00fcne serdi. Ya\u015fanan selin ard\u0131ndan ekiplerin olumsuzluk ya\u015fanan b\u00f6lgelerde \u00e7al\u0131\u015fmalar\u0131n\u0131n s\u00fcrd\u00fc\u011f\u00fc \u00f6\u011frenildi.<br \/><\/p>\n","protected":false},"excerpt":{"rendered":"<p>Mu\u011fla\u2019n\u0131n Marmaris il\u00e7esinde gece saatlerinde etkili olan sa\u011fanak ya\u011f\u0131\u015f sonras\u0131nda k\u0131rsal mahallelerde su bask\u0131nlar\u0131 meydana geldi, derelerde ta\u015fma ya\u015fand\u0131, sel sular\u0131na kap\u0131lan ara\u00e7taki bir ki\u015fi hayat\u0131n\u0131 kaybetti. G\u00fcn a\u011far\u0131nca selin izleri ise g\u00fcn a\u011far\u0131nca ortaya \u00e7\u0131kt\u0131. Mu\u011fla genelinde etkili olan sa\u011fanak ya\u011f\u0131\u015f hayat\u0131 olumsuz etkilerken, Marmaris il\u00e7esindeki k\u0131rsal mahallelerde de su bask\u0131nlar\u0131 meydana geldi. \u00d6zellikle&#8230;<\/p>\n","protected":false},"author":1,"featured_media":85818,"comment_status":"open","ping_status":"open","sticky":false,"template":"","format":"standard","meta":{"_crdt_document":"","footnotes":""},"categories":[1],"tags":[],"class_list":["post-85817","post","type-post","status-publish","format-standard","has-post-thumbnail","hentry","category-guncel"],"_links":{"self":[{"href":"https:\/\/www.egemtv.com\/index.php?rest_route=\/wp\/v2\/posts\/85817","targetHints":{"allow":["GET"]}}],"collection":[{"href":"https:\/\/www.egemtv.com\/index.php?rest_route=\/wp\/v2\/posts"}],"about":[{"href":"https:\/\/www.egemtv.com\/index.php?rest_route=\/wp\/v2\/types\/post"}],"author":[{"embeddable":true,"href":"https:\/\/www.egemtv.com\/index.php?rest_route=\/wp\/v2\/users\/1"}],"replies":[{"embeddable":true,"href":"https:\/\/www.egemtv.com\/index.php?rest_route=%2Fwp%2Fv2%2Fcomments&post=85817"}],"version-history":[{"count":1,"href":"https:\/\/www.egemtv.com\/index.php?rest_route=\/wp\/v2\/posts\/85817\/revisions"}],"predecessor-version":[{"id":85819,"href":"https:\/\/www.egemtv.com\/index.php?rest_route=\/wp\/v2\/posts\/85817\/revisions\/85819"}],"wp:featuredmedia":[{"embeddable":true,"href":"https:\/\/www.egemtv.com\/index.php?rest_route=\/wp\/v2\/media\/85818"}],"wp:attachment":[{"href":"https:\/\/www.egemtv.com\/index.php?rest_route=%2Fwp%2Fv2%2Fmedia&parent=85817"}],"wp:term":[{"taxonomy":"category","embeddable":true,"href":"https:\/\/www.egemtv.com\/index.php?rest_route=%2Fwp%2Fv2%2Fcategories&post=85817"},{"taxonomy":"post_tag","embeddable":true,"href":"https:\/\/www.egemtv.com\/index.php?rest_route=%2Fwp%2Fv2%2Ftags&post=85817"}],"curies":[{"name":"wp","href":"https:\/\/api.w.org\/{rel}","templated":true}]}}