{"id":85814,"date":"2026-02-06T12:54:52","date_gmt":"2026-02-06T09:54:52","guid":{"rendered":"https:\/\/www.egemtv.com\/?p=85814"},"modified":"2026-02-06T12:54:54","modified_gmt":"2026-02-06T09:54:54","slug":"uyusturucu-operasyonunda-1-kisi-tutuklandi-4","status":"publish","type":"post","link":"https:\/\/www.egemtv.com\/?p=85814","title":{"rendered":"Uyu\u015fturucu operasyonunda 1 ki\u015fi tutukland\u0131"},"content":{"rendered":"<p>Afyonkarahisar\u2019da polis taraf\u0131ndan ger\u00e7ekle\u015ftirilen uyu\u015fturucu operasyonunda 2 ki\u015fi g\u00f6zalt\u0131na al\u0131n\u0131rken, \u015fah\u0131slardan biri tutukland\u0131.<br \/>\n<br \/>Edinilen bilgilere g\u00f6re, operasyon kent merkezinde polis taraf\u0131ndan yap\u0131ld\u0131. Torbac\u0131 diye adland\u0131r\u0131lan uyu\u015fturucu sat\u0131c\u0131lar\u0131na y\u00f6nelik yap\u0131lan operasyonda polis bask\u0131n yapt\u0131\u011f\u0131 bir adreste arama yapt\u0131. Aramada 5 adet pe\u00e7eteye emdirilmi\u015f uyu\u015fturucu madde ele ge\u00e7irildi. Olay\u0131n ard\u0131ndan g\u00f6zalt\u0131na al\u0131nan A.K. isimli \u015fah\u0131s hakk\u0131nda uyu\u015fturucu madde kullanmak su\u00e7undan i\u015flem yap\u0131l\u0131rken, M.Y. isimli \u015fah\u0131s ise uyu\u015fturucu madde ticareti yapmaktan sevk edildi\u011fi mahkeme taraf\u0131ndan tutuklanarak cezaevine g\u00f6nderildi.<br \/><\/p>\n","protected":false},"excerpt":{"rendered":"<p>Afyonkarahisar\u2019da polis taraf\u0131ndan ger\u00e7ekle\u015ftirilen uyu\u015fturucu operasyonunda 2 ki\u015fi g\u00f6zalt\u0131na al\u0131n\u0131rken, \u015fah\u0131slardan biri tutukland\u0131. Edinilen bilgilere g\u00f6re, operasyon kent merkezinde polis taraf\u0131ndan yap\u0131ld\u0131. Torbac\u0131 diye adland\u0131r\u0131lan uyu\u015fturucu sat\u0131c\u0131lar\u0131na y\u00f6nelik yap\u0131lan operasyonda polis bask\u0131n yapt\u0131\u011f\u0131 bir adreste arama yapt\u0131. Aramada 5 adet pe\u00e7eteye emdirilmi\u015f uyu\u015fturucu madde ele ge\u00e7irildi. Olay\u0131n ard\u0131ndan g\u00f6zalt\u0131na al\u0131nan A.K. isimli \u015fah\u0131s hakk\u0131nda uyu\u015fturucu&#8230;<\/p>\n","protected":false},"author":1,"featured_media":85815,"comment_status":"open","ping_status":"open","sticky":false,"template":"","format":"standard","meta":{"_crdt_document":"","footnotes":""},"categories":[5],"tags":[],"class_list":["post-85814","post","type-post","status-publish","format-standard","has-post-thumbnail","hentry","category-asayis"],"_links":{"self":[{"href":"https:\/\/www.egemtv.com\/index.php?rest_route=\/wp\/v2\/posts\/85814","targetHints":{"allow":["GET"]}}],"collection":[{"href":"https:\/\/www.egemtv.com\/index.php?rest_route=\/wp\/v2\/posts"}],"about":[{"href":"https:\/\/www.egemtv.com\/index.php?rest_route=\/wp\/v2\/types\/post"}],"author":[{"embeddable":true,"href":"https:\/\/www.egemtv.com\/index.php?rest_route=\/wp\/v2\/users\/1"}],"replies":[{"embeddable":true,"href":"https:\/\/www.egemtv.com\/index.php?rest_route=%2Fwp%2Fv2%2Fcomments&post=85814"}],"version-history":[{"count":1,"href":"https:\/\/www.egemtv.com\/index.php?rest_route=\/wp\/v2\/posts\/85814\/revisions"}],"predecessor-version":[{"id":85816,"href":"https:\/\/www.egemtv.com\/index.php?rest_route=\/wp\/v2\/posts\/85814\/revisions\/85816"}],"wp:featuredmedia":[{"embeddable":true,"href":"https:\/\/www.egemtv.com\/index.php?rest_route=\/wp\/v2\/media\/85815"}],"wp:attachment":[{"href":"https:\/\/www.egemtv.com\/index.php?rest_route=%2Fwp%2Fv2%2Fmedia&parent=85814"}],"wp:term":[{"taxonomy":"category","embeddable":true,"href":"https:\/\/www.egemtv.com\/index.php?rest_route=%2Fwp%2Fv2%2Fcategories&post=85814"},{"taxonomy":"post_tag","embeddable":true,"href":"https:\/\/www.egemtv.com\/index.php?rest_route=%2Fwp%2Fv2%2Ftags&post=85814"}],"curies":[{"name":"wp","href":"https:\/\/api.w.org\/{rel}","templated":true}]}}