{"id":85811,"date":"2026-02-06T12:54:52","date_gmt":"2026-02-06T09:54:52","guid":{"rendered":"https:\/\/www.egemtv.com\/?p=85811"},"modified":"2026-02-06T12:54:52","modified_gmt":"2026-02-06T09:54:52","slug":"tavsanlida-engelli-bireylere-dini-egitimler-suruyor","status":"publish","type":"post","link":"https:\/\/www.egemtv.com\/?p=85811","title":{"rendered":"Tav\u015fanl\u0131\u2019da engelli bireylere dini e\u011fitimler s\u00fcr\u00fcyor"},"content":{"rendered":"<p>K\u00fctahya\u2019n\u0131n Tav\u015fanl\u0131 \u0130l\u00e7esi\u2019nde m\u00fcft\u00fcl\u00fck, engelli bireylerin dini e\u011fitimlere eri\u015fimini art\u0131rmak ve sosyal hayata kat\u0131l\u0131mlar\u0131n\u0131 desteklemek amac\u0131yla y\u00fcr\u00fctt\u00fc\u011f\u00fc \u00e7al\u0131\u015fmalar\u0131na h\u0131z kesmeden devam ediyor.<br \/>\n<br \/>Tav\u015fanl\u0131 \u0130l\u00e7e M\u00fcft\u00fcl\u00fc\u011f\u00fc Engelli Koordinat\u00f6rl\u00fc\u011f\u00fc taraf\u0131ndan organize edilen faaliyetler kapsam\u0131nda, \u00f6zel bireylerin e\u011fitim g\u00f6rd\u00fc\u011f\u00fc kurslara ziyaretler ger\u00e7ekle\u015ftirilerek hem motivasyon sa\u011flan\u0131yor hem de e\u011fitim s\u00fcre\u00e7leri yak\u0131ndan takip ediliyor. Bu \u00e7er\u00e7evede, Tav\u015fanl\u0131 Vaizi Ali Baksi ve Din Hizmetleri Uzman\u0131 Yasin Kartal, Arslanbey \u0130\u015fitme ve G\u00f6rme Engelliler Kur\u2019an Kursu\u2019nu ziyaret etti. Kursiyerler ve kurs g\u00f6revlileriyle bir araya gelen heyet, verilen e\u011fitimleri yerinde inceledi.<br \/>\n<br \/>Ziyarette, g\u00f6rme engelli vatanda\u015flar i\u00e7in Braille alfabesi, i\u015fitme engelliler i\u00e7in ise i\u015faret dili kullan\u0131larak verilen Kur\u2019an-\u0131 Kerim ve temel dini bilgiler e\u011fitimi hakk\u0131nda detayl\u0131 bilgi al\u0131nd\u0131. E\u011fitim materyallerinin etkin kullan\u0131m\u0131 ve kursiyerlerin ilerleyi\u015fi memnuniyetle kar\u015f\u0131land\u0131. Ayr\u0131ca, Diyanet \u0130\u015fleri Ba\u015fkanl\u0131\u011f\u0131\u2019n\u0131n engelli bireylere y\u00f6nelik T\u00fcrkiye genelinde y\u00fcr\u00fctt\u00fc\u011f\u00fc projeler ve sa\u011flad\u0131\u011f\u0131 imkanlar hakk\u0131nda bilgilendirmelerde bulunuldu. M\u00fcft\u00fcl\u00fck yetkilileri, engellerin kalplerde olmad\u0131\u011f\u0131n\u0131 vurgulayarak, \u2019Engelsiz e\u011fitim, engelsiz g\u00f6n\u00fcller\u2019 \u015fiar\u0131yla her bir bireye ula\u015fmay\u0131 hedeflediklerini belirttiler. Kursiyerlerin yo\u011fun ilgi g\u00f6sterdi\u011fi ziyaret, kar\u015f\u0131l\u0131kl\u0131 iyi dileklerin iletilmesinin ard\u0131ndan sona erdi.<br \/>\n<br \/>Tav\u015fanl\u0131 \u0130l\u00e7e M\u00fcft\u00fcl\u00fc\u011f\u00fc\u2019n\u00fcn engelli bireylerin manevi geli\u015fimine katk\u0131 sa\u011flayan bu t\u00fcr saha \u00e7al\u0131\u015fmalar\u0131na d\u00fczenli olarak devam edece\u011fi \u00f6\u011frenildi.<br \/><\/p>\n","protected":false},"excerpt":{"rendered":"<p>K\u00fctahya\u2019n\u0131n Tav\u015fanl\u0131 \u0130l\u00e7esi\u2019nde m\u00fcft\u00fcl\u00fck, engelli bireylerin dini e\u011fitimlere eri\u015fimini art\u0131rmak ve sosyal hayata kat\u0131l\u0131mlar\u0131n\u0131 desteklemek amac\u0131yla y\u00fcr\u00fctt\u00fc\u011f\u00fc \u00e7al\u0131\u015fmalar\u0131na h\u0131z kesmeden devam ediyor. Tav\u015fanl\u0131 \u0130l\u00e7e M\u00fcft\u00fcl\u00fc\u011f\u00fc Engelli Koordinat\u00f6rl\u00fc\u011f\u00fc taraf\u0131ndan organize edilen faaliyetler kapsam\u0131nda, \u00f6zel bireylerin e\u011fitim g\u00f6rd\u00fc\u011f\u00fc kurslara ziyaretler ger\u00e7ekle\u015ftirilerek hem motivasyon sa\u011flan\u0131yor hem de e\u011fitim s\u00fcre\u00e7leri yak\u0131ndan takip ediliyor. Bu \u00e7er\u00e7evede, Tav\u015fanl\u0131 Vaizi Ali Baksi&#8230;<\/p>\n","protected":false},"author":1,"featured_media":85812,"comment_status":"open","ping_status":"open","sticky":false,"template":"","format":"standard","meta":{"_crdt_document":"","footnotes":""},"categories":[1],"tags":[],"class_list":["post-85811","post","type-post","status-publish","format-standard","has-post-thumbnail","hentry","category-guncel"],"_links":{"self":[{"href":"https:\/\/www.egemtv.com\/index.php?rest_route=\/wp\/v2\/posts\/85811","targetHints":{"allow":["GET"]}}],"collection":[{"href":"https:\/\/www.egemtv.com\/index.php?rest_route=\/wp\/v2\/posts"}],"about":[{"href":"https:\/\/www.egemtv.com\/index.php?rest_route=\/wp\/v2\/types\/post"}],"author":[{"embeddable":true,"href":"https:\/\/www.egemtv.com\/index.php?rest_route=\/wp\/v2\/users\/1"}],"replies":[{"embeddable":true,"href":"https:\/\/www.egemtv.com\/index.php?rest_route=%2Fwp%2Fv2%2Fcomments&post=85811"}],"version-history":[{"count":1,"href":"https:\/\/www.egemtv.com\/index.php?rest_route=\/wp\/v2\/posts\/85811\/revisions"}],"predecessor-version":[{"id":85813,"href":"https:\/\/www.egemtv.com\/index.php?rest_route=\/wp\/v2\/posts\/85811\/revisions\/85813"}],"wp:featuredmedia":[{"embeddable":true,"href":"https:\/\/www.egemtv.com\/index.php?rest_route=\/wp\/v2\/media\/85812"}],"wp:attachment":[{"href":"https:\/\/www.egemtv.com\/index.php?rest_route=%2Fwp%2Fv2%2Fmedia&parent=85811"}],"wp:term":[{"taxonomy":"category","embeddable":true,"href":"https:\/\/www.egemtv.com\/index.php?rest_route=%2Fwp%2Fv2%2Fcategories&post=85811"},{"taxonomy":"post_tag","embeddable":true,"href":"https:\/\/www.egemtv.com\/index.php?rest_route=%2Fwp%2Fv2%2Ftags&post=85811"}],"curies":[{"name":"wp","href":"https:\/\/api.w.org\/{rel}","templated":true}]}}