{"id":85808,"date":"2026-02-06T12:34:47","date_gmt":"2026-02-06T09:34:47","guid":{"rendered":"https:\/\/www.egemtv.com\/?p=85808"},"modified":"2026-02-06T12:34:47","modified_gmt":"2026-02-06T09:34:47","slug":"yenipazarda-derelerin-islahi-icin-surec-basliyor","status":"publish","type":"post","link":"https:\/\/www.egemtv.com\/?p=85808","title":{"rendered":"Yenipazar\u2019da derelerin \u0131slah\u0131 i\u00e7in s\u00fcre\u00e7 ba\u015fl\u0131yor"},"content":{"rendered":"<p>Yenipazar Belediye Ba\u015fkan\u0131 Malik Ercan; &#8220;Alhan, \u00c7ulhan ve Derek\u00f6y mahallelerimizin dere \u0131slah\u0131 \u00e7al\u0131\u015fmalar\u0131na en k\u0131sa s\u00fcrede ba\u015flanacak&#8221; dedi.<\/p>\n<p>Ayd\u0131n\u2019\u0131n Yenipazar il\u00e7esinde alt ve \u00fcst yap\u0131 \u00e7al\u0131\u015fmalar\u0131na devam eden Yenipazar Belediyesi, derelerin \u0131slah\u0131 i\u00e7in de harekete ge\u00e7ti. Bu kapsamda \u00e7al\u0131\u015fmalar\u0131n\u0131 s\u00fcrd\u00fcren Belediye Ba\u015fkan\u0131 Malik Ercan, DS\u0130 21. B\u00f6lge M\u00fcd\u00fcrl\u00fc\u011f\u00fc\u2019n\u00fc ziyaret etti. Yap\u0131lan g\u00f6r\u00fc\u015fmelerin ard\u0131ndan Alhan, \u00c7ulhan ve Derek\u00f6y mahallelerinde dere \u0131slah\u0131 \u00e7al\u0131\u015fmalar\u0131na y\u00f6nelik kamula\u015ft\u0131rma i\u015flemlerinin, Ayd\u0131n B\u00fcy\u00fck\u015fehir Belediyesi\u2019nin de katk\u0131lar\u0131yla en k\u0131sa s\u00fcrede ba\u015flat\u0131laca\u011f\u0131 ifade edildi. Ayr\u0131ca g\u00f6r\u00fc\u015fmede Yenipazar\u2019a kazand\u0131r\u0131lmas\u0131 planlanan yat\u0131r\u0131mlar \u00fczerine fikir al\u0131\u015fveri\u015finde bulunuldu.<\/p>\n<p>Konu ile ilgili a\u00e7\u0131klamalarda bulunan Yenipazar Belediye Ba\u015fkan\u0131 Malik Ercan; &#8220;Ayd\u0131n B\u00fcy\u00fck\u015fehir Belediyesi Emlak ve \u0130stimlak Daire Ba\u015fkan\u0131m\u0131z Mehmet Solak ile birlikte Devlet Su \u0130\u015fleri (DS\u0130) 21. B\u00f6lge M\u00fcd\u00fcrl\u00fc\u011f\u00fc\u2019n\u00fc ziyaret ettik. Yenipazar\u2019\u0131m\u0131za kazand\u0131r\u0131lacak yat\u0131r\u0131mlar hakk\u0131nda fikir al\u0131\u015fveri\u015finde bulunduk. G\u00f6r\u00fc\u015fmelerimizin sonucunda Alhan, \u00c7ulhan ve Derek\u00f6y Mahallelerimizin dere \u0131slah\u0131 \u00e7al\u0131\u015fmalar\u0131 konusunda kamula\u015ft\u0131rma i\u015flemleri Ayd\u0131n B\u00fcy\u00fck\u015fehir Belediyemizin de katk\u0131lar\u0131yla en k\u0131sa s\u00fcrede ba\u015flanacak. Yenipazar\u2019\u0131m\u0131za hay\u0131rl\u0131 olsun&#8221; dedi.<br \/><\/p>\n","protected":false},"excerpt":{"rendered":"<p>Yenipazar Belediye Ba\u015fkan\u0131 Malik Ercan; &#8220;Alhan, \u00c7ulhan ve Derek\u00f6y mahallelerimizin dere \u0131slah\u0131 \u00e7al\u0131\u015fmalar\u0131na en k\u0131sa s\u00fcrede ba\u015flanacak&#8221; dedi. Ayd\u0131n\u2019\u0131n Yenipazar il\u00e7esinde alt ve \u00fcst yap\u0131 \u00e7al\u0131\u015fmalar\u0131na devam eden Yenipazar Belediyesi, derelerin \u0131slah\u0131 i\u00e7in de harekete ge\u00e7ti. Bu kapsamda \u00e7al\u0131\u015fmalar\u0131n\u0131 s\u00fcrd\u00fcren Belediye Ba\u015fkan\u0131 Malik Ercan, DS\u0130 21. B\u00f6lge M\u00fcd\u00fcrl\u00fc\u011f\u00fc\u2019n\u00fc ziyaret etti. Yap\u0131lan g\u00f6r\u00fc\u015fmelerin ard\u0131ndan Alhan, \u00c7ulhan&#8230;<\/p>\n","protected":false},"author":1,"featured_media":85809,"comment_status":"open","ping_status":"open","sticky":false,"template":"","format":"standard","meta":{"_crdt_document":"","footnotes":""},"categories":[1],"tags":[],"class_list":["post-85808","post","type-post","status-publish","format-standard","has-post-thumbnail","hentry","category-guncel"],"_links":{"self":[{"href":"https:\/\/www.egemtv.com\/index.php?rest_route=\/wp\/v2\/posts\/85808","targetHints":{"allow":["GET"]}}],"collection":[{"href":"https:\/\/www.egemtv.com\/index.php?rest_route=\/wp\/v2\/posts"}],"about":[{"href":"https:\/\/www.egemtv.com\/index.php?rest_route=\/wp\/v2\/types\/post"}],"author":[{"embeddable":true,"href":"https:\/\/www.egemtv.com\/index.php?rest_route=\/wp\/v2\/users\/1"}],"replies":[{"embeddable":true,"href":"https:\/\/www.egemtv.com\/index.php?rest_route=%2Fwp%2Fv2%2Fcomments&post=85808"}],"version-history":[{"count":1,"href":"https:\/\/www.egemtv.com\/index.php?rest_route=\/wp\/v2\/posts\/85808\/revisions"}],"predecessor-version":[{"id":85810,"href":"https:\/\/www.egemtv.com\/index.php?rest_route=\/wp\/v2\/posts\/85808\/revisions\/85810"}],"wp:featuredmedia":[{"embeddable":true,"href":"https:\/\/www.egemtv.com\/index.php?rest_route=\/wp\/v2\/media\/85809"}],"wp:attachment":[{"href":"https:\/\/www.egemtv.com\/index.php?rest_route=%2Fwp%2Fv2%2Fmedia&parent=85808"}],"wp:term":[{"taxonomy":"category","embeddable":true,"href":"https:\/\/www.egemtv.com\/index.php?rest_route=%2Fwp%2Fv2%2Fcategories&post=85808"},{"taxonomy":"post_tag","embeddable":true,"href":"https:\/\/www.egemtv.com\/index.php?rest_route=%2Fwp%2Fv2%2Ftags&post=85808"}],"curies":[{"name":"wp","href":"https:\/\/api.w.org\/{rel}","templated":true}]}}