{"id":85433,"date":"2026-02-04T20:14:52","date_gmt":"2026-02-04T17:14:52","guid":{"rendered":"https:\/\/www.egemtv.com\/?p=85433"},"modified":"2026-02-04T20:14:52","modified_gmt":"2026-02-04T17:14:52","slug":"aydinda-tarim-aleti-hirsizligi-2-yakalama","status":"publish","type":"post","link":"https:\/\/www.egemtv.com\/?p=85433","title":{"rendered":"Ayd\u0131n\u2019da tar\u0131m aleti h\u0131rs\u0131zl\u0131\u011f\u0131: 2 yakalama"},"content":{"rendered":"<p>Ayd\u0131n\u2019\u0131n Kuyucak il\u00e7esindeki bir bah\u00e7eden tar\u0131m aletlerini \u00e7alan 2 \u015f\u00fcpheli, jandarma ekiplerince k\u0131sa s\u00fcrede yakaland\u0131.<br \/>\n<br \/>Olay, 3 \u015eubat g\u00fcn\u00fc Kuyucak il\u00e7esi \u00c7obanisa Mahallesi\u2019nde meydana geldi. Edinilen bilgiye g\u00f6re A.D. (44) isimli vatanda\u015f\u0131n bah\u00e7esinde bulunan tar\u0131m aletleri, kimli\u011fi belirsiz ki\u015fi ya da ki\u015filerce \u00e7al\u0131nd\u0131. Aletlerinin \u00e7al\u0131nd\u0131\u011f\u0131n\u0131 fark eden A.D., durumu 112 Acil \u00c7a\u011fr\u0131 Merkezi\u2019ne bildirdi. \u0130hbar \u00fczerine b\u00f6lgeye gelen jandarma ekipleri, olayla ilgili \u00e7al\u0131\u015fma ba\u015flatt\u0131. Yap\u0131lan incelemelerde, ekipler h\u0131rs\u0131zl\u0131k olay\u0131n\u0131 F.A. (40) ve M.U. (38) isimli \u015f\u00fcphelilerin ger\u00e7ekle\u015ftirdi\u011fini tespit etti. Yap\u0131lan detayl\u0131 ara\u015ft\u0131rma sonras\u0131nda \u015f\u00fcphelilerin \u00e7ald\u0131klar\u0131 tar\u0131m aletlerini Kuyucak il\u00e7e merkezi ile Pamuk\u00f6ren Mahallesi\u2019nde depo olarak kulland\u0131klar\u0131 adreslerde saklad\u0131klar\u0131n\u0131 belirledi. Harekete ge\u00e7en jandarma ekipleri, iki \u015f\u00fcpheliyi k\u0131sk\u0131vrak yakalarken, yap\u0131lan kontrollerde ele ge\u00e7irilen 2 adet tar\u0131m aleti ile daha \u00f6nce \u00e7al\u0131nd\u0131\u011f\u0131 belirlenen 1 adet<br \/>\n<br \/>t\u0131rm\u0131k ve 1 adet \u00e7izi saban\u0131 sahiplerine teslim edildi. G\u00f6zalt\u0131na al\u0131nan ve gerekli i\u015flemlerin ard\u0131ndan adliyeye sevk edilen \u015f\u00fcphelilerden F.A. tutuklanarak cezaevine g\u00f6nderildi.<br \/><\/p>\n","protected":false},"excerpt":{"rendered":"<p>Ayd\u0131n\u2019\u0131n Kuyucak il\u00e7esindeki bir bah\u00e7eden tar\u0131m aletlerini \u00e7alan 2 \u015f\u00fcpheli, jandarma ekiplerince k\u0131sa s\u00fcrede yakaland\u0131. Olay, 3 \u015eubat g\u00fcn\u00fc Kuyucak il\u00e7esi \u00c7obanisa Mahallesi\u2019nde meydana geldi. Edinilen bilgiye g\u00f6re A.D. (44) isimli vatanda\u015f\u0131n bah\u00e7esinde bulunan tar\u0131m aletleri, kimli\u011fi belirsiz ki\u015fi ya da ki\u015filerce \u00e7al\u0131nd\u0131. Aletlerinin \u00e7al\u0131nd\u0131\u011f\u0131n\u0131 fark eden A.D., durumu 112 Acil \u00c7a\u011fr\u0131 Merkezi\u2019ne bildirdi. \u0130hbar&#8230;<\/p>\n","protected":false},"author":1,"featured_media":85434,"comment_status":"open","ping_status":"open","sticky":false,"template":"","format":"standard","meta":{"_crdt_document":"","footnotes":""},"categories":[5],"tags":[],"class_list":["post-85433","post","type-post","status-publish","format-standard","has-post-thumbnail","hentry","category-asayis"],"_links":{"self":[{"href":"https:\/\/www.egemtv.com\/index.php?rest_route=\/wp\/v2\/posts\/85433","targetHints":{"allow":["GET"]}}],"collection":[{"href":"https:\/\/www.egemtv.com\/index.php?rest_route=\/wp\/v2\/posts"}],"about":[{"href":"https:\/\/www.egemtv.com\/index.php?rest_route=\/wp\/v2\/types\/post"}],"author":[{"embeddable":true,"href":"https:\/\/www.egemtv.com\/index.php?rest_route=\/wp\/v2\/users\/1"}],"replies":[{"embeddable":true,"href":"https:\/\/www.egemtv.com\/index.php?rest_route=%2Fwp%2Fv2%2Fcomments&post=85433"}],"version-history":[{"count":1,"href":"https:\/\/www.egemtv.com\/index.php?rest_route=\/wp\/v2\/posts\/85433\/revisions"}],"predecessor-version":[{"id":85435,"href":"https:\/\/www.egemtv.com\/index.php?rest_route=\/wp\/v2\/posts\/85433\/revisions\/85435"}],"wp:featuredmedia":[{"embeddable":true,"href":"https:\/\/www.egemtv.com\/index.php?rest_route=\/wp\/v2\/media\/85434"}],"wp:attachment":[{"href":"https:\/\/www.egemtv.com\/index.php?rest_route=%2Fwp%2Fv2%2Fmedia&parent=85433"}],"wp:term":[{"taxonomy":"category","embeddable":true,"href":"https:\/\/www.egemtv.com\/index.php?rest_route=%2Fwp%2Fv2%2Fcategories&post=85433"},{"taxonomy":"post_tag","embeddable":true,"href":"https:\/\/www.egemtv.com\/index.php?rest_route=%2Fwp%2Fv2%2Ftags&post=85433"}],"curies":[{"name":"wp","href":"https:\/\/api.w.org\/{rel}","templated":true}]}}