{"id":85430,"date":"2026-02-04T20:14:50","date_gmt":"2026-02-04T17:14:50","guid":{"rendered":"https:\/\/www.egemtv.com\/?p=85430"},"modified":"2026-02-04T20:14:52","modified_gmt":"2026-02-04T17:14:52","slug":"aydinda-aranan-sahislar-jandarmadan-kacamadi-2","status":"publish","type":"post","link":"https:\/\/www.egemtv.com\/?p=85430","title":{"rendered":"Ayd\u0131n\u2019da aranan \u015fah\u0131slar jandarmadan ka\u00e7amad\u0131"},"content":{"rendered":"<p>Ayd\u0131n\u2019\u0131n S\u00f6ke ve Ku\u015fadas\u0131 il\u00e7elerinde \u00e7e\u015fitli su\u00e7lardan aranan 2 \u015fah\u0131s, jandarma ekiplerince yakaland\u0131.<br \/>\n<br \/>Ayd\u0131n genelinde aranan \u015fah\u0131slar\u0131n yakalanmas\u0131na y\u00f6nelik y\u00fcr\u00fct\u00fclen \u00e7al\u0131\u015fmalar aral\u0131ks\u0131z devam ediyor. Edinilen bilgiye g\u00f6re Ku\u015fadas\u0131 il\u00e7esinde ger\u00e7ekle\u015ftirilen \u00e7al\u0131\u015fmada &#8220;Bina \u0130\u00e7erisinde Muhafaza Alt\u0131na Al\u0131nm\u0131\u015f Olan E\u015fya Hakk\u0131nda H\u0131rs\u0131zl\u0131k&#8221; su\u00e7undan aranan ve<br \/>\n<br \/>hakk\u0131nda 5 y\u0131l kesinle\u015fmi\u015f hapis cezas\u0131 bulunan A.\u00c7. (40) yakaland\u0131. S\u00f6ke il\u00e7esinde ger\u00e7ekle\u015ftirilen bir ba\u015fka \u00e7al\u0131\u015fmada da &#8220;Bina \u0130\u00e7erisinde Muhafaza Alt\u0131na Al\u0131nm\u0131\u015f E\u015fya Hakk\u0131nda H\u0131rs\u0131zl\u0131k&#8221; su\u00e7undan hakk\u0131nda 6 y\u0131l 3 ay kesinle\u015fmi\u015f hapis cezas\u0131 bulunan \u00d6.S. (45) yakaland\u0131. Yakalanarak g\u00f6zalt\u0131na al\u0131nan \u015f\u00fcpheiler, gerekli i\u015flemlerinin ard\u0131ndan tutuklanarak cezaevine g\u00f6nderildi.<br \/><\/p>\n","protected":false},"excerpt":{"rendered":"<p>Ayd\u0131n\u2019\u0131n S\u00f6ke ve Ku\u015fadas\u0131 il\u00e7elerinde \u00e7e\u015fitli su\u00e7lardan aranan 2 \u015fah\u0131s, jandarma ekiplerince yakaland\u0131. Ayd\u0131n genelinde aranan \u015fah\u0131slar\u0131n yakalanmas\u0131na y\u00f6nelik y\u00fcr\u00fct\u00fclen \u00e7al\u0131\u015fmalar aral\u0131ks\u0131z devam ediyor. Edinilen bilgiye g\u00f6re Ku\u015fadas\u0131 il\u00e7esinde ger\u00e7ekle\u015ftirilen \u00e7al\u0131\u015fmada &#8220;Bina \u0130\u00e7erisinde Muhafaza Alt\u0131na Al\u0131nm\u0131\u015f Olan E\u015fya Hakk\u0131nda H\u0131rs\u0131zl\u0131k&#8221; su\u00e7undan aranan ve hakk\u0131nda 5 y\u0131l kesinle\u015fmi\u015f hapis cezas\u0131 bulunan A.\u00c7. (40) yakaland\u0131. S\u00f6ke il\u00e7esinde&#8230;<\/p>\n","protected":false},"author":1,"featured_media":85431,"comment_status":"open","ping_status":"open","sticky":false,"template":"","format":"standard","meta":{"_crdt_document":"","footnotes":""},"categories":[5],"tags":[],"class_list":["post-85430","post","type-post","status-publish","format-standard","has-post-thumbnail","hentry","category-asayis"],"_links":{"self":[{"href":"https:\/\/www.egemtv.com\/index.php?rest_route=\/wp\/v2\/posts\/85430","targetHints":{"allow":["GET"]}}],"collection":[{"href":"https:\/\/www.egemtv.com\/index.php?rest_route=\/wp\/v2\/posts"}],"about":[{"href":"https:\/\/www.egemtv.com\/index.php?rest_route=\/wp\/v2\/types\/post"}],"author":[{"embeddable":true,"href":"https:\/\/www.egemtv.com\/index.php?rest_route=\/wp\/v2\/users\/1"}],"replies":[{"embeddable":true,"href":"https:\/\/www.egemtv.com\/index.php?rest_route=%2Fwp%2Fv2%2Fcomments&post=85430"}],"version-history":[{"count":1,"href":"https:\/\/www.egemtv.com\/index.php?rest_route=\/wp\/v2\/posts\/85430\/revisions"}],"predecessor-version":[{"id":85432,"href":"https:\/\/www.egemtv.com\/index.php?rest_route=\/wp\/v2\/posts\/85430\/revisions\/85432"}],"wp:featuredmedia":[{"embeddable":true,"href":"https:\/\/www.egemtv.com\/index.php?rest_route=\/wp\/v2\/media\/85431"}],"wp:attachment":[{"href":"https:\/\/www.egemtv.com\/index.php?rest_route=%2Fwp%2Fv2%2Fmedia&parent=85430"}],"wp:term":[{"taxonomy":"category","embeddable":true,"href":"https:\/\/www.egemtv.com\/index.php?rest_route=%2Fwp%2Fv2%2Fcategories&post=85430"},{"taxonomy":"post_tag","embeddable":true,"href":"https:\/\/www.egemtv.com\/index.php?rest_route=%2Fwp%2Fv2%2Ftags&post=85430"}],"curies":[{"name":"wp","href":"https:\/\/api.w.org\/{rel}","templated":true}]}}