{"id":85427,"date":"2026-02-04T19:54:31","date_gmt":"2026-02-04T16:54:31","guid":{"rendered":"https:\/\/www.egemtv.com\/?p=85427"},"modified":"2026-02-04T19:54:32","modified_gmt":"2026-02-04T16:54:32","slug":"buyuksehirden-aduye-400-milyonluk-yeni-ulasim-hatti","status":"publish","type":"post","link":"https:\/\/www.egemtv.com\/?p=85427","title":{"rendered":"B\u00fcy\u00fck\u015fehir\u2019den AD\u00dc\u2019ye 400 milyonluk yeni ula\u015f\u0131m hatt\u0131"},"content":{"rendered":"<p>Ayd\u0131n B\u00fcy\u00fck\u015fehir Belediyesi ile Adnan Menderes \u00dcniversitesi i\u015fbirli\u011finde, Kemer Mahallesi\u2019nden Aytepe Merkez Kamp\u00fcs\u00fc ve Uygulama Ara\u015ft\u0131rma Hastanesi\u2019ne uzanacak yeni ula\u015f\u0131m g\u00fczergah\u0131 i\u00e7in \u00e7al\u0131\u015fmalar ba\u015fl\u0131yor. Yakla\u015f\u0131k 400 milyon TL yat\u0131r\u0131m bedeline sahip projenin 1 Ekim 2026\u2019ya kadar tamamlanarak hizmete a\u00e7\u0131lmas\u0131 hedefleniyor.<br \/>\n<br \/>Ayd\u0131n B\u00fcy\u00fck\u015fehir Belediyesi ve Adnan Menderes \u00dcniversitesi i\u015fbirli\u011fiyle Kemer Mahallesi\u2019nden Adnan Menderes \u00dcniversitesi Aytepe Merkez Kamp\u00fcs\u00fc ile Adnan Menderes \u00dcniversitesi Uygulama ve Ara\u015ft\u0131rma Hastanesi\u2019ne uzanacak yeni bir ula\u015f\u0131m g\u00fczergah\u0131 daha Ayd\u0131n\u2019a kazand\u0131r\u0131lacak. Projenin toplam yat\u0131r\u0131m maliyeti yakla\u015f\u0131k 400 milyon T\u00fcrk Liras\u0131 olacak. Kent i\u00e7i ula\u015f\u0131mda yeni ve g\u00fc\u00e7l\u00fc bir hat daha olu\u015fturacak olan proje ile \u015fehir i\u00e7i trafik ak\u0131\u015f\u0131 daha da rahatlayacak. Projenin h\u0131zla tamamlanarak yeni g\u00fczergah\u0131n 1 Ekim 2026 tarihine kadar hizmete sunulmas\u0131 hedefleniyor. Yeni yol g\u00fczergah\u0131, Kemer Bulvar\u0131\u2019ndan ba\u015flayarak Vak\u0131f Caddesi-Sakarya Caddesi- H\u00fck\u00fcmet Bulvar\u0131-Topyata\u011f\u0131 Varyant\u0131 hatt\u0131ndan devam edecek. Geni\u015fletme \u00e7al\u0131\u015fmalar\u0131 ger\u00e7ekle\u015ftirilecek olan Kalfak\u00f6y Mahallesi yolu ile Tabakhane Deresi K\u00f6pr\u00fcs\u00fc\u2019nden s\u00fcrd\u00fcr\u00fclecek olan hatt\u0131n tamam\u0131nda s\u0131cak asfalt kaplama \u00e7al\u0131\u015fmas\u0131 da yap\u0131lacak. G\u00fczergah, yap\u0131m\u0131 ger\u00e7ekle\u015ftirilecek 1750 metre uzunlu\u011fundaki yeni yol ile tamamlanacak. Ayd\u0131n\u2019\u0131n ula\u015f\u0131m altyap\u0131s\u0131na g\u00fc\u00e7 katacak olan ula\u015f\u0131m altyap\u0131s\u0131 yat\u0131r\u0131m\u0131 ile Adnan Menderes \u00dcniversitesi Aytepe Merkez Kamp\u00fcs\u00fc\u2019ne ve Adnan Menderes \u00dcniversitesi Uygulama ve Ara\u015ft\u0131rma Hastanesi\u2019ne kesintisiz ula\u015f\u0131m imkan\u0131 sa\u011flanacak.<br \/><\/p>\n","protected":false},"excerpt":{"rendered":"<p>Ayd\u0131n B\u00fcy\u00fck\u015fehir Belediyesi ile Adnan Menderes \u00dcniversitesi i\u015fbirli\u011finde, Kemer Mahallesi\u2019nden Aytepe Merkez Kamp\u00fcs\u00fc ve Uygulama Ara\u015ft\u0131rma Hastanesi\u2019ne uzanacak yeni ula\u015f\u0131m g\u00fczergah\u0131 i\u00e7in \u00e7al\u0131\u015fmalar ba\u015fl\u0131yor. Yakla\u015f\u0131k 400 milyon TL yat\u0131r\u0131m bedeline sahip projenin 1 Ekim 2026\u2019ya kadar tamamlanarak hizmete a\u00e7\u0131lmas\u0131 hedefleniyor. Ayd\u0131n B\u00fcy\u00fck\u015fehir Belediyesi ve Adnan Menderes \u00dcniversitesi i\u015fbirli\u011fiyle Kemer Mahallesi\u2019nden Adnan Menderes \u00dcniversitesi Aytepe Merkez&#8230;<\/p>\n","protected":false},"author":1,"featured_media":85428,"comment_status":"open","ping_status":"open","sticky":false,"template":"","format":"standard","meta":{"_crdt_document":"","footnotes":""},"categories":[1],"tags":[],"class_list":["post-85427","post","type-post","status-publish","format-standard","has-post-thumbnail","hentry","category-guncel"],"_links":{"self":[{"href":"https:\/\/www.egemtv.com\/index.php?rest_route=\/wp\/v2\/posts\/85427","targetHints":{"allow":["GET"]}}],"collection":[{"href":"https:\/\/www.egemtv.com\/index.php?rest_route=\/wp\/v2\/posts"}],"about":[{"href":"https:\/\/www.egemtv.com\/index.php?rest_route=\/wp\/v2\/types\/post"}],"author":[{"embeddable":true,"href":"https:\/\/www.egemtv.com\/index.php?rest_route=\/wp\/v2\/users\/1"}],"replies":[{"embeddable":true,"href":"https:\/\/www.egemtv.com\/index.php?rest_route=%2Fwp%2Fv2%2Fcomments&post=85427"}],"version-history":[{"count":1,"href":"https:\/\/www.egemtv.com\/index.php?rest_route=\/wp\/v2\/posts\/85427\/revisions"}],"predecessor-version":[{"id":85429,"href":"https:\/\/www.egemtv.com\/index.php?rest_route=\/wp\/v2\/posts\/85427\/revisions\/85429"}],"wp:featuredmedia":[{"embeddable":true,"href":"https:\/\/www.egemtv.com\/index.php?rest_route=\/wp\/v2\/media\/85428"}],"wp:attachment":[{"href":"https:\/\/www.egemtv.com\/index.php?rest_route=%2Fwp%2Fv2%2Fmedia&parent=85427"}],"wp:term":[{"taxonomy":"category","embeddable":true,"href":"https:\/\/www.egemtv.com\/index.php?rest_route=%2Fwp%2Fv2%2Fcategories&post=85427"},{"taxonomy":"post_tag","embeddable":true,"href":"https:\/\/www.egemtv.com\/index.php?rest_route=%2Fwp%2Fv2%2Ftags&post=85427"}],"curies":[{"name":"wp","href":"https:\/\/api.w.org\/{rel}","templated":true}]}}