{"id":85424,"date":"2026-02-04T19:15:34","date_gmt":"2026-02-04T16:15:34","guid":{"rendered":"https:\/\/www.egemtv.com\/?p=85424"},"modified":"2026-02-04T19:15:35","modified_gmt":"2026-02-04T16:15:35","slug":"flut-ustadi-ismail-ayvazoglu-son-yolculuguna-ugurlandi","status":"publish","type":"post","link":"https:\/\/www.egemtv.com\/?p=85424","title":{"rendered":"Fl\u00fct \u00fcstad\u0131 \u0130smail Ayvazo\u011flu son yolculu\u011funa u\u011furland\u0131"},"content":{"rendered":"<p>Fl\u00fct sanat\u00e7\u0131s\u0131, besteci ve devlet sanat\u00e7\u0131s\u0131 \u0130smail Ayvazo\u011flu, 96 ya\u015f\u0131nda hayat\u0131n\u0131 kaybetti. \u0130zmir\u2019de ya\u015fl\u0131l\u0131\u011fa ba\u011fl\u0131 nedenlerle vefat eden Ayvazo\u011flu, memleketi K\u00fctahya\u2019n\u0131n Tav\u015fanl\u0131 il\u00e7esinde son yolculu\u011funa u\u011furland\u0131.<br \/>\n<br \/>Cumhurba\u015fkanl\u0131\u011f\u0131 Senfoni Orkestras\u0131\u2019n\u0131n emekli sanat\u00e7\u0131s\u0131 ve \u0130zmir Devlet Opera ve Balesi\u2019nin kurucular\u0131ndan olan \u0130smail Ayvazo\u011flu i\u00e7in Tav\u015fanl\u0131\u2019da cenaze t\u00f6reni d\u00fczenlendi. Usta sanat\u00e7\u0131n\u0131n naa\u015f\u0131, Tav\u015fanl\u0131 Ulu Camii\u2019nde k\u0131l\u0131nan cenaze namaz\u0131n\u0131n ard\u0131ndan, ailesi, yak\u0131nlar\u0131, sanat camias\u0131ndan isimler ile \u00e7ok say\u0131da vatanda\u015f\u0131n kat\u0131l\u0131m\u0131yla Tav\u015fanl\u0131 Asri Mezarl\u0131\u011f\u0131\u2019nda topra\u011fa verildi.<br \/>\n<br \/>Cenaze t\u00f6reninin ard\u0131ndan konu\u015fan sanat\u00e7\u0131n\u0131n yak\u0131nlar\u0131 Cemal Dereli ve \u015eevki Eser, \u0130smail Ayvazo\u011flu\u2019nun hem sanat hayat\u0131 hem de ki\u015fili\u011fiyle \u00f6rnek bir isim oldu\u011funu belirterek, b\u00fcy\u00fck bir de\u011fer kaybettiklerini ifade etti.<br \/><\/p>\n","protected":false},"excerpt":{"rendered":"<p>Fl\u00fct sanat\u00e7\u0131s\u0131, besteci ve devlet sanat\u00e7\u0131s\u0131 \u0130smail Ayvazo\u011flu, 96 ya\u015f\u0131nda hayat\u0131n\u0131 kaybetti. \u0130zmir\u2019de ya\u015fl\u0131l\u0131\u011fa ba\u011fl\u0131 nedenlerle vefat eden Ayvazo\u011flu, memleketi K\u00fctahya\u2019n\u0131n Tav\u015fanl\u0131 il\u00e7esinde son yolculu\u011funa u\u011furland\u0131. Cumhurba\u015fkanl\u0131\u011f\u0131 Senfoni Orkestras\u0131\u2019n\u0131n emekli sanat\u00e7\u0131s\u0131 ve \u0130zmir Devlet Opera ve Balesi\u2019nin kurucular\u0131ndan olan \u0130smail Ayvazo\u011flu i\u00e7in Tav\u015fanl\u0131\u2019da cenaze t\u00f6reni d\u00fczenlendi. Usta sanat\u00e7\u0131n\u0131n naa\u015f\u0131, Tav\u015fanl\u0131 Ulu Camii\u2019nde k\u0131l\u0131nan cenaze namaz\u0131n\u0131n&#8230;<\/p>\n","protected":false},"author":1,"featured_media":85425,"comment_status":"open","ping_status":"open","sticky":false,"template":"","format":"standard","meta":{"_crdt_document":"","footnotes":""},"categories":[123],"tags":[],"class_list":["post-85424","post","type-post","status-publish","format-standard","has-post-thumbnail","hentry","category-gundem"],"_links":{"self":[{"href":"https:\/\/www.egemtv.com\/index.php?rest_route=\/wp\/v2\/posts\/85424","targetHints":{"allow":["GET"]}}],"collection":[{"href":"https:\/\/www.egemtv.com\/index.php?rest_route=\/wp\/v2\/posts"}],"about":[{"href":"https:\/\/www.egemtv.com\/index.php?rest_route=\/wp\/v2\/types\/post"}],"author":[{"embeddable":true,"href":"https:\/\/www.egemtv.com\/index.php?rest_route=\/wp\/v2\/users\/1"}],"replies":[{"embeddable":true,"href":"https:\/\/www.egemtv.com\/index.php?rest_route=%2Fwp%2Fv2%2Fcomments&post=85424"}],"version-history":[{"count":1,"href":"https:\/\/www.egemtv.com\/index.php?rest_route=\/wp\/v2\/posts\/85424\/revisions"}],"predecessor-version":[{"id":85426,"href":"https:\/\/www.egemtv.com\/index.php?rest_route=\/wp\/v2\/posts\/85424\/revisions\/85426"}],"wp:featuredmedia":[{"embeddable":true,"href":"https:\/\/www.egemtv.com\/index.php?rest_route=\/wp\/v2\/media\/85425"}],"wp:attachment":[{"href":"https:\/\/www.egemtv.com\/index.php?rest_route=%2Fwp%2Fv2%2Fmedia&parent=85424"}],"wp:term":[{"taxonomy":"category","embeddable":true,"href":"https:\/\/www.egemtv.com\/index.php?rest_route=%2Fwp%2Fv2%2Fcategories&post=85424"},{"taxonomy":"post_tag","embeddable":true,"href":"https:\/\/www.egemtv.com\/index.php?rest_route=%2Fwp%2Fv2%2Ftags&post=85424"}],"curies":[{"name":"wp","href":"https:\/\/api.w.org\/{rel}","templated":true}]}}