{"id":85421,"date":"2026-02-04T18:54:41","date_gmt":"2026-02-04T15:54:41","guid":{"rendered":"https:\/\/www.egemtv.com\/?p=85421"},"modified":"2026-02-04T18:54:42","modified_gmt":"2026-02-04T15:54:42","slug":"bassavciliktan-dolandiriciliga-karsi-calisma","status":"publish","type":"post","link":"https:\/\/www.egemtv.com\/?p=85421","title":{"rendered":"Ba\u015fsavc\u0131l\u0131ktan doland\u0131r\u0131c\u0131l\u0131\u011fa kar\u015f\u0131 \u00e7al\u0131\u015fma"},"content":{"rendered":"<p>Bodrum Cumhuriyet Ba\u015fsavc\u0131l\u0131\u011f\u0131, \u00f6\u011frencileri doland\u0131r\u0131c\u0131l\u0131k olaylar\u0131na kar\u015f\u0131 bilgilendirmek i\u00e7in \u00e7al\u0131\u015fma ba\u015flatt\u0131.<\/p>\n<p>Hakimler ve Savc\u0131lar Kurulu taraf\u0131ndan T\u00fcrkiye genelinde ba\u015flat\u0131lan ve gen\u00e7leri su\u00e7tan koruyacak IBAN projesine Bodrum Cumhuriyet Ba\u015fsavc\u0131l\u0131\u011f\u0131 taraf\u0131ndan destek verildi. Bodrum Cumhuriyet Ba\u015fsavc\u0131l\u0131\u011f\u0131 taraf\u0131ndan haz\u0131rlanan afi\u015fler bu a\u015famada lise, \u00fcniversite ve baz\u0131 kamu binalar\u0131 ile spor komplekslerine as\u0131lmaya ba\u015fland\u0131.<\/p>\n<p>Gen\u00e7lerin banka hesaplar\u0131n\u0131 ba\u015fkalar\u0131na kulland\u0131rmas\u0131yla ortaya \u00e7\u0131kan ve \u00e7o\u011fu zaman geri d\u00f6n\u00fc\u015f\u00fc zor ma\u011fduriyetlere yol a\u00e7an dijital doland\u0131r\u0131c\u0131l\u0131k vakalar\u0131na kar\u015f\u0131 Bodrum Cumhuriyet Ba\u015fsavc\u0131l\u0131\u011f\u0131 ile Milli E\u011fitim M\u00fcd\u00fcrl\u00fc\u011f\u00fc koordinasyonunda \u00e7al\u0131\u015fma ba\u015flat\u0131ld\u0131.<br \/>\n<br \/>Lise \u00f6\u011frencilerine y\u00f6nelik olarak IBAN kulland\u0131rman\u0131n hukuki sonu\u00e7lar\u0131, dijital doland\u0131r\u0131c\u0131l\u0131k y\u00f6ntemleri, adli sicilin korunmas\u0131n\u0131n \u00f6neminin vurguland\u0131\u011f\u0131 afi\u015flerde \u2018kolay para\u2019 vaadiyle banka hesaplar\u0131n\u0131 \u00fc\u00e7\u00fcnc\u00fc ki\u015filere kulland\u0131rmas\u0131n\u0131n ilerleyen s\u00fcre\u00e7te adli soru\u015fturma, san\u0131k s\u0131fat\u0131 ve kal\u0131c\u0131 sicil kay\u0131tlar\u0131 gibi ciddi sonu\u00e7lar do\u011furabildi\u011fine ili\u015fkin gen\u00e7lerde fark\u0131ndal\u0131k da olu\u015fturulmas\u0131 hedefleniyor.<\/p>\n<p>\u0130lerleyen d\u00f6nemlerde el bro\u015f\u00fcr\u00fc ve sunumlar ile desteklenecek olan projede \u00f6zellikle gen\u00e7lerin doland\u0131r\u0131c\u0131l\u0131k su\u00e7una kar\u0131\u015fmamas\u0131 i\u00e7in \u00f6nlemler al\u0131naca\u011f\u0131 bildirildi.<br \/>\n<br \/>\u0130kinci a\u015fama olarak kariyer g\u00fcnleri kapsam\u0131nda liselerde yap\u0131lacak sunumlarda g\u00f6revlendirilecek Cumhuriyet Savc\u0131lar\u0131n\u0131n gen\u00e7lerin doland\u0131r\u0131c\u0131l\u0131k su\u00e7una kar\u0131\u015fmamas\u0131 i\u00e7in bilgilendirmeler yapaca\u011f\u0131, ayr\u0131ca \u00f6zellikle il\u00e7ede ya\u015fayan ya\u015fl\u0131 n\u00fcfusun ma\u011fduriyetinin \u00f6n\u00fcne ge\u00e7mek i\u00e7in site y\u00f6netimleri arac\u0131l\u0131\u011f\u0131yla bilgilendirilece\u011fi belirtildi.<br \/>\n<br \/>Bodrum Cumhuriyet Ba\u015fsavc\u0131s\u0131 Beh\u00e7et \u0130\u015flek konuya ili\u015fkin olarak &#8220;Gen\u00e7li\u011fini Koru-Gelece\u011fini G\u00fc\u00e7lendir s\u00f6z\u00fcnden hareketle gen\u00e7lerimizin su\u00e7a bula\u015fmamas\u0131 i\u00e7in her t\u00fcrl\u00fc \u00e7al\u0131\u015fman\u0131n t\u00fcm il\u00e7e genelinde yap\u0131l\u0131yor.&#8221; dedi.<br \/><\/p>\n","protected":false},"excerpt":{"rendered":"<p>Bodrum Cumhuriyet Ba\u015fsavc\u0131l\u0131\u011f\u0131, \u00f6\u011frencileri doland\u0131r\u0131c\u0131l\u0131k olaylar\u0131na kar\u015f\u0131 bilgilendirmek i\u00e7in \u00e7al\u0131\u015fma ba\u015flatt\u0131. Hakimler ve Savc\u0131lar Kurulu taraf\u0131ndan T\u00fcrkiye genelinde ba\u015flat\u0131lan ve gen\u00e7leri su\u00e7tan koruyacak IBAN projesine Bodrum Cumhuriyet Ba\u015fsavc\u0131l\u0131\u011f\u0131 taraf\u0131ndan destek verildi. Bodrum Cumhuriyet Ba\u015fsavc\u0131l\u0131\u011f\u0131 taraf\u0131ndan haz\u0131rlanan afi\u015fler bu a\u015famada lise, \u00fcniversite ve baz\u0131 kamu binalar\u0131 ile spor komplekslerine as\u0131lmaya ba\u015fland\u0131. Gen\u00e7lerin banka hesaplar\u0131n\u0131 ba\u015fkalar\u0131na kulland\u0131rmas\u0131yla&#8230;<\/p>\n","protected":false},"author":1,"featured_media":85422,"comment_status":"open","ping_status":"open","sticky":false,"template":"","format":"standard","meta":{"_crdt_document":"","footnotes":""},"categories":[1],"tags":[],"class_list":["post-85421","post","type-post","status-publish","format-standard","has-post-thumbnail","hentry","category-guncel"],"_links":{"self":[{"href":"https:\/\/www.egemtv.com\/index.php?rest_route=\/wp\/v2\/posts\/85421","targetHints":{"allow":["GET"]}}],"collection":[{"href":"https:\/\/www.egemtv.com\/index.php?rest_route=\/wp\/v2\/posts"}],"about":[{"href":"https:\/\/www.egemtv.com\/index.php?rest_route=\/wp\/v2\/types\/post"}],"author":[{"embeddable":true,"href":"https:\/\/www.egemtv.com\/index.php?rest_route=\/wp\/v2\/users\/1"}],"replies":[{"embeddable":true,"href":"https:\/\/www.egemtv.com\/index.php?rest_route=%2Fwp%2Fv2%2Fcomments&post=85421"}],"version-history":[{"count":1,"href":"https:\/\/www.egemtv.com\/index.php?rest_route=\/wp\/v2\/posts\/85421\/revisions"}],"predecessor-version":[{"id":85423,"href":"https:\/\/www.egemtv.com\/index.php?rest_route=\/wp\/v2\/posts\/85421\/revisions\/85423"}],"wp:featuredmedia":[{"embeddable":true,"href":"https:\/\/www.egemtv.com\/index.php?rest_route=\/wp\/v2\/media\/85422"}],"wp:attachment":[{"href":"https:\/\/www.egemtv.com\/index.php?rest_route=%2Fwp%2Fv2%2Fmedia&parent=85421"}],"wp:term":[{"taxonomy":"category","embeddable":true,"href":"https:\/\/www.egemtv.com\/index.php?rest_route=%2Fwp%2Fv2%2Fcategories&post=85421"},{"taxonomy":"post_tag","embeddable":true,"href":"https:\/\/www.egemtv.com\/index.php?rest_route=%2Fwp%2Fv2%2Ftags&post=85421"}],"curies":[{"name":"wp","href":"https:\/\/api.w.org\/{rel}","templated":true}]}}