{"id":85418,"date":"2026-02-04T18:54:40","date_gmt":"2026-02-04T15:54:40","guid":{"rendered":"https:\/\/www.egemtv.com\/?p=85418"},"modified":"2026-02-04T18:54:41","modified_gmt":"2026-02-04T15:54:41","slug":"muglada-kuvvetli-yagis-alarmi","status":"publish","type":"post","link":"https:\/\/www.egemtv.com\/?p=85418","title":{"rendered":"Mu\u011fla\u2019da kuvvetli ya\u011f\u0131\u015f alarm\u0131"},"content":{"rendered":"<p>Meteoroloji 4. B\u00f6lge M\u00fcd\u00fcrl\u00fc\u011f\u00fc B\u00f6lge Tahmin ve Uyar\u0131 Merkezi, Mu\u011fla genelini ilgilendiren kuvvetli ya\u011f\u0131\u015f uyar\u0131s\u0131 yay\u0131mlad\u0131. Yap\u0131lan son meteorolojik de\u011ferlendirmelere g\u00f6re, il genelinde kuvvetli ve yer yer \u00e7ok kuvvetli sa\u011fanak ya\u011f\u0131\u015f bekleniyor.<\/p>\n<p>Uyar\u0131ya g\u00f6re, 5 \u015eubat 2026 Per\u015fembe g\u00fcn\u00fc saat 18.00\u2019den itibaren Mu\u011fla \u00e7evrelerinde ba\u015flayacak olan g\u00f6kg\u00fcr\u00fclt\u00fcl\u00fc sa\u011fanak ya\u011f\u0131\u015flar\u0131n, 6 \u015eubat 2026 Cuma g\u00fcn\u00fc saat 12.00\u2019ye kadar etkisini s\u00fcrd\u00fcrmesi \u00f6ng\u00f6r\u00fcl\u00fcyor. Ya\u011f\u0131\u015flar\u0131n yerel olarak 21 ile 75 kilogram\/metrekare aras\u0131nda olaca\u011f\u0131 tahmin ediliyor.<\/p>\n<p>Yetkililer, beklenen kuvvetli ya\u011f\u0131\u015flarla birlikte bir\u00e7ok olumsuzlu\u011fun ya\u015fanabilece\u011fine dikkat \u00e7ekti. \u00d6zellikle; Ani sel ve su bask\u0131n\u0131, Y\u0131ld\u0131r\u0131m d\u00fc\u015fmesi,  Yerel dolu ya\u011f\u0131\u015f\u0131, K\u0131y\u0131 kesimlerde hortum riski, Kuvvetli r\u00fczg\u00e2r ve k\u0131sa s\u00fcreli f\u0131rt\u0131na, Ula\u015f\u0131mda aksamalar gibi tehlikelere kar\u015f\u0131 vatanda\u015flar\u0131n dikkatli ve tedbirli olmas\u0131 istendi.<\/p>\n<p>Meteoroloji yetkilileri, ya\u011f\u0131\u015flar\u0131n k\u0131sa s\u00fcrede etkisini art\u0131rabilece\u011fini belirterek, \u00f6zellikle dere yataklar\u0131na yak\u0131n b\u00f6lgelerde ya\u015fayanlar ile s\u00fcr\u00fcc\u00fclerin dikkatli olmas\u0131 gerekti\u011fini vurgulad\u0131. Su bask\u0131n\u0131 riski bulunan b\u00f6lgelerde gerekli \u00f6nlemlerin al\u0131nmas\u0131, y\u0131ld\u0131r\u0131m tehlikesine kar\u015f\u0131 a\u00e7\u0131k alanlarda bulunulmamas\u0131 ve f\u0131rt\u0131na s\u0131ras\u0131nda \u00e7at\u0131 u\u00e7mas\u0131 gibi risklere kar\u015f\u0131 tedbirli olunmas\u0131 \u00e7a\u011fr\u0131s\u0131nda bulunuldu.<br \/><\/p>\n","protected":false},"excerpt":{"rendered":"<p>Meteoroloji 4. B\u00f6lge M\u00fcd\u00fcrl\u00fc\u011f\u00fc B\u00f6lge Tahmin ve Uyar\u0131 Merkezi, Mu\u011fla genelini ilgilendiren kuvvetli ya\u011f\u0131\u015f uyar\u0131s\u0131 yay\u0131mlad\u0131. Yap\u0131lan son meteorolojik de\u011ferlendirmelere g\u00f6re, il genelinde kuvvetli ve yer yer \u00e7ok kuvvetli sa\u011fanak ya\u011f\u0131\u015f bekleniyor. Uyar\u0131ya g\u00f6re, 5 \u015eubat 2026 Per\u015fembe g\u00fcn\u00fc saat 18.00\u2019den itibaren Mu\u011fla \u00e7evrelerinde ba\u015flayacak olan g\u00f6kg\u00fcr\u00fclt\u00fcl\u00fc sa\u011fanak ya\u011f\u0131\u015flar\u0131n, 6 \u015eubat 2026 Cuma g\u00fcn\u00fc saat&#8230;<\/p>\n","protected":false},"author":1,"featured_media":85419,"comment_status":"open","ping_status":"open","sticky":false,"template":"","format":"standard","meta":{"_crdt_document":"","footnotes":""},"categories":[1],"tags":[],"class_list":["post-85418","post","type-post","status-publish","format-standard","has-post-thumbnail","hentry","category-guncel"],"_links":{"self":[{"href":"https:\/\/www.egemtv.com\/index.php?rest_route=\/wp\/v2\/posts\/85418","targetHints":{"allow":["GET"]}}],"collection":[{"href":"https:\/\/www.egemtv.com\/index.php?rest_route=\/wp\/v2\/posts"}],"about":[{"href":"https:\/\/www.egemtv.com\/index.php?rest_route=\/wp\/v2\/types\/post"}],"author":[{"embeddable":true,"href":"https:\/\/www.egemtv.com\/index.php?rest_route=\/wp\/v2\/users\/1"}],"replies":[{"embeddable":true,"href":"https:\/\/www.egemtv.com\/index.php?rest_route=%2Fwp%2Fv2%2Fcomments&post=85418"}],"version-history":[{"count":1,"href":"https:\/\/www.egemtv.com\/index.php?rest_route=\/wp\/v2\/posts\/85418\/revisions"}],"predecessor-version":[{"id":85420,"href":"https:\/\/www.egemtv.com\/index.php?rest_route=\/wp\/v2\/posts\/85418\/revisions\/85420"}],"wp:featuredmedia":[{"embeddable":true,"href":"https:\/\/www.egemtv.com\/index.php?rest_route=\/wp\/v2\/media\/85419"}],"wp:attachment":[{"href":"https:\/\/www.egemtv.com\/index.php?rest_route=%2Fwp%2Fv2%2Fmedia&parent=85418"}],"wp:term":[{"taxonomy":"category","embeddable":true,"href":"https:\/\/www.egemtv.com\/index.php?rest_route=%2Fwp%2Fv2%2Fcategories&post=85418"},{"taxonomy":"post_tag","embeddable":true,"href":"https:\/\/www.egemtv.com\/index.php?rest_route=%2Fwp%2Fv2%2Ftags&post=85418"}],"curies":[{"name":"wp","href":"https:\/\/api.w.org\/{rel}","templated":true}]}}