{"id":85415,"date":"2026-02-04T18:54:39","date_gmt":"2026-02-04T15:54:39","guid":{"rendered":"https:\/\/www.egemtv.com\/?p=85415"},"modified":"2026-02-04T18:54:40","modified_gmt":"2026-02-04T15:54:40","slug":"muglada-2026-genclik-yili-ilan-edildi","status":"publish","type":"post","link":"https:\/\/www.egemtv.com\/?p=85415","title":{"rendered":"Mu\u011fla\u2019da 2026 &#8220;Gen\u00e7lik Y\u0131l\u0131&#8221; ilan edildi"},"content":{"rendered":"<p>Mu\u011fla Valisi Dr. \u0130dris Akb\u0131y\u0131k, d\u00fczenlenen lansmanla 2026 y\u0131l\u0131n\u0131 Mu\u011fla\u2019da &#8220;Gen\u00e7lik Y\u0131l\u0131&#8221; ilan etti. &#8220;Gen\u00e7li\u011fin Enerjisi, Mu\u011fla\u2019n\u0131n G\u00fcc\u00fc&#8221; mottosuyla yola \u00e7\u0131kan projede, gen\u00e7lerin \u015fehrin yar\u0131nlar\u0131n\u0131 in\u015fa etmede bizzat rol alaca\u011f\u0131 vurguland\u0131.<\/p>\n<p>Mu\u011fla Valili\u011fi himayelerinde hayata ge\u00e7irilen &#8220;2026 Mu\u011fla Gen\u00e7lik Y\u0131l\u0131&#8221; projesinin lansman\u0131, Vali Dr. \u0130dris Akb\u0131y\u0131k\u2019\u0131n kat\u0131l\u0131m\u0131yla ger\u00e7ekle\u015ftirildi. Gen\u00e7lerin sadece kat\u0131l\u0131mc\u0131 de\u011fil, s\u00fcrecin mimar\u0131 olaca\u011f\u0131n\u0131 belirten Akb\u0131y\u0131k, &#8220;Bug\u00fcn burada yaln\u0131zca bir y\u0131l\u0131 ilan etmek i\u00e7in de\u011fil, Mu\u011fla\u2019m\u0131z\u0131n yar\u0131nlar\u0131n\u0131 in\u015fa edecek g\u00fc\u00e7l\u00fc bir iradeyi ortaya koymak i\u00e7in topland\u0131k&#8221; dedi.<\/p>\n<p>&#8220;Gen\u00e7ler sadece izleyici de\u011fil, s\u00fcrecin mimar\u0131 olacak&#8221;<br \/>\n<br \/>Konu\u015fmas\u0131nda gen\u00e7li\u011fe duydu\u011fu sars\u0131lmaz g\u00fcveni dile getiren Vali Akb\u0131y\u0131k, 2026 y\u0131l\u0131n\u0131n bir d\u00f6n\u00fcm noktas\u0131 olaca\u011f\u0131n\u0131 ifade etti. Gen\u00e7li\u011fi sadece bir ya\u015f d\u00f6nemi olarak de\u011fil; \u00fcretmenin, cesaretin ve sorumlulu\u011fun ad\u0131 olarak nitelendiren Akb\u0131y\u0131k, \u015fu ifadeleri kulland\u0131: &#8220;2026 y\u0131l\u0131; gen\u00e7lerin sadece izledi\u011fi de\u011fil; s\u00f6z s\u00f6yledi\u011fi, fikir \u00fcretti\u011fi ve y\u00f6n verdi\u011fi bir y\u0131l olacakt\u0131r. Sizler bu s\u00fcrecin yaln\u0131zca takip\u00e7isi de\u011fil, bizzat mimar\u0131 olacaks\u0131n\u0131z.&#8221;<\/p>\n<p>Aile y\u0131l\u0131 vizyonundan ilham al\u0131nd\u0131<br \/>\n<br \/>Projenin temelinde Cumhurba\u015fkanl\u0131\u011f\u0131 himayelerinde y\u00fcr\u00fct\u00fclen &#8220;Aile Y\u0131l\u0131&#8221; vizyonunun yatt\u0131\u011f\u0131n\u0131 belirten Vali Akb\u0131y\u0131k, g\u00fc\u00e7l\u00fc bir toplumun ancak de\u011ferlerine ba\u011fl\u0131, bilin\u00e7li bir gen\u00e7likle m\u00fcmk\u00fcn oldu\u011funu vurgulad\u0131. Bilgi ve teknoloji \u00e7a\u011f\u0131nda gen\u00e7lerin e\u011fitiminden sporuna, sanat\u0131ndan bilimine kadar her alanda desteklenece\u011finin m\u00fcjdesini verdi.<\/p>\n<p>Dolu dolu bir program kap\u0131da<br \/>\n<br \/>Lansmanda payla\u015f\u0131lan bilgilere g\u00f6re, 2026 Gen\u00e7lik Y\u0131l\u0131 kapsam\u0131nda geni\u015f bir yelpazede etkinlikler d\u00fczenlenecek.<\/p>\n<p>&#8220;Siz hayal edin, biz destek olal\u0131m&#8221;<br \/>\n<br \/>Vali Akb\u0131y\u0131k, konu\u015fmas\u0131n\u0131 gen\u00e7lere y\u00f6nelik s\u0131cak bir mesajla sonland\u0131rd\u0131: &#8220;Siz hayal edeceksiniz, biz destek olaca\u011f\u0131z. Siz \u00fcreteceksiniz, biz yan\u0131n\u0131zda olaca\u011f\u0131z. Siz ba\u015faracaks\u0131n\u0131z; Mu\u011fla kazanacak, T\u00fcrkiye kazanacakt\u0131r.&#8221;<\/p>\n<p>Program, &#8220;Gen\u00e7li\u011fin Enerjisi Mu\u011fla\u2019n\u0131n G\u00fcc\u00fc, Gen\u00e7li\u011fin Nefesi Mu\u011fla\u2019n\u0131n Sesi&#8221; sloganlar\u0131yla ve toplu foto\u011fraf \u00e7ekimiyle sona erdi.<br \/><\/p>\n","protected":false},"excerpt":{"rendered":"<p>Mu\u011fla Valisi Dr. \u0130dris Akb\u0131y\u0131k, d\u00fczenlenen lansmanla 2026 y\u0131l\u0131n\u0131 Mu\u011fla\u2019da &#8220;Gen\u00e7lik Y\u0131l\u0131&#8221; ilan etti. &#8220;Gen\u00e7li\u011fin Enerjisi, Mu\u011fla\u2019n\u0131n G\u00fcc\u00fc&#8221; mottosuyla yola \u00e7\u0131kan projede, gen\u00e7lerin \u015fehrin yar\u0131nlar\u0131n\u0131 in\u015fa etmede bizzat rol alaca\u011f\u0131 vurguland\u0131. Mu\u011fla Valili\u011fi himayelerinde hayata ge\u00e7irilen &#8220;2026 Mu\u011fla Gen\u00e7lik Y\u0131l\u0131&#8221; projesinin lansman\u0131, Vali Dr. \u0130dris Akb\u0131y\u0131k\u2019\u0131n kat\u0131l\u0131m\u0131yla ger\u00e7ekle\u015ftirildi. Gen\u00e7lerin sadece kat\u0131l\u0131mc\u0131 de\u011fil, s\u00fcrecin mimar\u0131 olaca\u011f\u0131n\u0131&#8230;<\/p>\n","protected":false},"author":1,"featured_media":85416,"comment_status":"open","ping_status":"open","sticky":false,"template":"","format":"standard","meta":{"_crdt_document":"","footnotes":""},"categories":[1],"tags":[],"class_list":["post-85415","post","type-post","status-publish","format-standard","has-post-thumbnail","hentry","category-guncel"],"_links":{"self":[{"href":"https:\/\/www.egemtv.com\/index.php?rest_route=\/wp\/v2\/posts\/85415","targetHints":{"allow":["GET"]}}],"collection":[{"href":"https:\/\/www.egemtv.com\/index.php?rest_route=\/wp\/v2\/posts"}],"about":[{"href":"https:\/\/www.egemtv.com\/index.php?rest_route=\/wp\/v2\/types\/post"}],"author":[{"embeddable":true,"href":"https:\/\/www.egemtv.com\/index.php?rest_route=\/wp\/v2\/users\/1"}],"replies":[{"embeddable":true,"href":"https:\/\/www.egemtv.com\/index.php?rest_route=%2Fwp%2Fv2%2Fcomments&post=85415"}],"version-history":[{"count":1,"href":"https:\/\/www.egemtv.com\/index.php?rest_route=\/wp\/v2\/posts\/85415\/revisions"}],"predecessor-version":[{"id":85417,"href":"https:\/\/www.egemtv.com\/index.php?rest_route=\/wp\/v2\/posts\/85415\/revisions\/85417"}],"wp:featuredmedia":[{"embeddable":true,"href":"https:\/\/www.egemtv.com\/index.php?rest_route=\/wp\/v2\/media\/85416"}],"wp:attachment":[{"href":"https:\/\/www.egemtv.com\/index.php?rest_route=%2Fwp%2Fv2%2Fmedia&parent=85415"}],"wp:term":[{"taxonomy":"category","embeddable":true,"href":"https:\/\/www.egemtv.com\/index.php?rest_route=%2Fwp%2Fv2%2Fcategories&post=85415"},{"taxonomy":"post_tag","embeddable":true,"href":"https:\/\/www.egemtv.com\/index.php?rest_route=%2Fwp%2Fv2%2Ftags&post=85415"}],"curies":[{"name":"wp","href":"https:\/\/api.w.org\/{rel}","templated":true}]}}