{"id":85412,"date":"2026-02-04T18:54:37","date_gmt":"2026-02-04T15:54:37","guid":{"rendered":"https:\/\/www.egemtv.com\/?p=85412"},"modified":"2026-02-04T18:54:38","modified_gmt":"2026-02-04T15:54:38","slug":"otomobile-carpip-sarampole-devrildi-1-yarali","status":"publish","type":"post","link":"https:\/\/www.egemtv.com\/?p=85412","title":{"rendered":"Otomobile \u00e7arp\u0131p \u015farampole devrildi: 1 yaral\u0131"},"content":{"rendered":"<p>Mu\u011fla\u2019n\u0131n Bodrum il\u00e7esinde otomobile \u00e7arp\u0131p \u015farampole devrilen vincin s\u00fcr\u00fcc\u00fc yaraland\u0131.<\/p>\n<p>Edinilen bilgiye g\u00f6re, sabah saatlerinde Bodrum &#8211; Milas Karayolu\u2019nda seyreden vincin s\u00fcr\u00fcc\u00fcs\u00fc, Torba Kav\u015fa\u011f\u0131\u2019ndan karayoluna giren otomobile \u00e7arpmamak i\u00e7in sola manevra yapt\u0131. Vincin s\u00fcr\u00fcc\u00fcs\u00fc o esnada sol \u015feritte seyreden araca \u00e7arpmamak i\u00e7in sa\u011f \u015feride ge\u00e7ti.<br \/>\n<br \/>Otomobile arkadan \u00e7arpan vin\u00e7, daha sonra yol kenar\u0131ndaki \u00e7elik bariyerleri y\u0131k\u0131p \u015farampole devrildi. Yaral\u0131n\u0131n yard\u0131m\u0131na yoldan ge\u00e7en vatanda\u015flar ko\u015ftu. \u0130hbar\u0131n ard\u0131ndan olay yerine gelen sa\u011fl\u0131k ekipleri s\u00fcr\u00fcc\u00fc A.C.G.\u2019yi hastaneye kald\u0131rd\u0131. Yaral\u0131n\u0131n omzunda k\u0131r\u0131k oldu\u011fu bildirildi. Otomobil s\u00fcr\u00fcc\u00fcs\u00fc ise kazay\u0131 yara almadan atlatt\u0131.<br \/>\n<br \/>Vincin kald\u0131r\u0131lmas\u0131 i\u00e7in \u00e7al\u0131\u015fma ba\u015flat\u0131ld\u0131.<br \/><\/p>\n","protected":false},"excerpt":{"rendered":"<p>Mu\u011fla\u2019n\u0131n Bodrum il\u00e7esinde otomobile \u00e7arp\u0131p \u015farampole devrilen vincin s\u00fcr\u00fcc\u00fc yaraland\u0131. Edinilen bilgiye g\u00f6re, sabah saatlerinde Bodrum &#8211; Milas Karayolu\u2019nda seyreden vincin s\u00fcr\u00fcc\u00fcs\u00fc, Torba Kav\u015fa\u011f\u0131\u2019ndan karayoluna giren otomobile \u00e7arpmamak i\u00e7in sola manevra yapt\u0131. Vincin s\u00fcr\u00fcc\u00fcs\u00fc o esnada sol \u015feritte seyreden araca \u00e7arpmamak i\u00e7in sa\u011f \u015feride ge\u00e7ti. Otomobile arkadan \u00e7arpan vin\u00e7, daha sonra yol kenar\u0131ndaki \u00e7elik bariyerleri&#8230;<\/p>\n","protected":false},"author":1,"featured_media":85413,"comment_status":"open","ping_status":"open","sticky":false,"template":"","format":"standard","meta":{"_crdt_document":"","footnotes":""},"categories":[5],"tags":[],"class_list":["post-85412","post","type-post","status-publish","format-standard","has-post-thumbnail","hentry","category-asayis"],"_links":{"self":[{"href":"https:\/\/www.egemtv.com\/index.php?rest_route=\/wp\/v2\/posts\/85412","targetHints":{"allow":["GET"]}}],"collection":[{"href":"https:\/\/www.egemtv.com\/index.php?rest_route=\/wp\/v2\/posts"}],"about":[{"href":"https:\/\/www.egemtv.com\/index.php?rest_route=\/wp\/v2\/types\/post"}],"author":[{"embeddable":true,"href":"https:\/\/www.egemtv.com\/index.php?rest_route=\/wp\/v2\/users\/1"}],"replies":[{"embeddable":true,"href":"https:\/\/www.egemtv.com\/index.php?rest_route=%2Fwp%2Fv2%2Fcomments&post=85412"}],"version-history":[{"count":1,"href":"https:\/\/www.egemtv.com\/index.php?rest_route=\/wp\/v2\/posts\/85412\/revisions"}],"predecessor-version":[{"id":85414,"href":"https:\/\/www.egemtv.com\/index.php?rest_route=\/wp\/v2\/posts\/85412\/revisions\/85414"}],"wp:featuredmedia":[{"embeddable":true,"href":"https:\/\/www.egemtv.com\/index.php?rest_route=\/wp\/v2\/media\/85413"}],"wp:attachment":[{"href":"https:\/\/www.egemtv.com\/index.php?rest_route=%2Fwp%2Fv2%2Fmedia&parent=85412"}],"wp:term":[{"taxonomy":"category","embeddable":true,"href":"https:\/\/www.egemtv.com\/index.php?rest_route=%2Fwp%2Fv2%2Fcategories&post=85412"},{"taxonomy":"post_tag","embeddable":true,"href":"https:\/\/www.egemtv.com\/index.php?rest_route=%2Fwp%2Fv2%2Ftags&post=85412"}],"curies":[{"name":"wp","href":"https:\/\/api.w.org\/{rel}","templated":true}]}}