{"id":85409,"date":"2026-02-04T17:54:56","date_gmt":"2026-02-04T14:54:56","guid":{"rendered":"https:\/\/www.egemtv.com\/?p=85409"},"modified":"2026-02-04T17:54:57","modified_gmt":"2026-02-04T14:54:57","slug":"salihli-insaatcilarda-tuncay-unlu-yeniden-secildi","status":"publish","type":"post","link":"https:\/\/www.egemtv.com\/?p=85409","title":{"rendered":"Salihli in\u015faat\u00e7\u0131larda Tuncay \u00dcnl\u00fc yeniden se\u00e7ildi"},"content":{"rendered":"<p>Manisa\u2019n\u0131n Salihli il\u00e7esindeki \u0130n\u015faat Sanatkarlar\u0131 Esnaf Odas\u0131\u2019n\u0131n yap\u0131lan ola\u011fan genel kurulunda Tuncay \u00dcnl\u00fc, yeniden se\u00e7ilip g\u00fcven tazeledi.<br \/>\n<br \/>Salihli \u0130n\u015faat Sanatkarlar\u0131 Esnaf Odas\u0131\u2019n\u0131n ola\u011fan genel kurulu, \u0130nci Wedding Hall D\u00fc\u011f\u00fcn Salonu\u2019nda ger\u00e7ekle\u015ftirildi. 305 \u00fcyesi bulunan odan\u0131n genel kurulunda mevcut ba\u015fkan Tuncay \u00dcnl\u00fc, tek liste ile girdi\u011fi se\u00e7imde oylar\u0131n tamam\u0131n\u0131 alarak yeniden ba\u015fkan se\u00e7ildi.<br \/>\n<br \/>Divan ba\u015fkanl\u0131\u011f\u0131n\u0131 Turgutlu Bakkallar Esnaf Odas\u0131 Ba\u015fkan\u0131 Ergun \u00c7olak\u2019\u0131n yapt\u0131\u011f\u0131 genel kurulda, \u00fcyelerin yo\u011fun kat\u0131l\u0131m\u0131 dikkat \u00e7ekti. Se\u00e7imlerin ard\u0131ndan ikinci kez ba\u015fkanl\u0131k g\u00f6revine se\u00e7ilen Tuncay \u00dcnl\u00fc, \u00fcyelerin kendisine g\u00f6sterdi\u011fi g\u00fcvenden dolay\u0131 te\u015fekk\u00fcr etti.<br \/>\n<br \/>Ba\u015fkan \u00dcnl\u00fc, &#8220;Odam\u0131z\u0131 \u00fcyelerimizle birlikte y\u00f6nettik. Hizmet ve \u00e7al\u0131\u015fmalar\u0131m\u0131za kald\u0131\u011f\u0131m\u0131z yerden devam edece\u011fiz&#8221; ifadelerini kulland\u0131.<br \/>\n<br \/>Genel kurulda yap\u0131lan se\u00e7imlerin ard\u0131ndan Tuncay \u00dcnl\u00fc ba\u015fkanl\u0131\u011f\u0131ndaki Salihli \u0130n\u015faat Sanatkarlar\u0131 Esnaf Odas\u0131\u2019n\u0131n yeni y\u00f6netim kurulu; Mehmet Balc\u0131, H\u00fcseyin Ata\u015f, Ramazan Y\u0131ld\u0131z, Cumali \u00c7\u0131lg\u0131n, Erkan Ceviz ve G\u00f6khan S\u00f6nmez\u2019den olu\u015ftu. Denetim kuruluna ise Ak\u0131n \u00d6zt\u00fcrk, Zafer Can ve Kadir Onur Ko\u00e7 se\u00e7ildi.<br \/><\/p>\n","protected":false},"excerpt":{"rendered":"<p>Manisa\u2019n\u0131n Salihli il\u00e7esindeki \u0130n\u015faat Sanatkarlar\u0131 Esnaf Odas\u0131\u2019n\u0131n yap\u0131lan ola\u011fan genel kurulunda Tuncay \u00dcnl\u00fc, yeniden se\u00e7ilip g\u00fcven tazeledi. Salihli \u0130n\u015faat Sanatkarlar\u0131 Esnaf Odas\u0131\u2019n\u0131n ola\u011fan genel kurulu, \u0130nci Wedding Hall D\u00fc\u011f\u00fcn Salonu\u2019nda ger\u00e7ekle\u015ftirildi. 305 \u00fcyesi bulunan odan\u0131n genel kurulunda mevcut ba\u015fkan Tuncay \u00dcnl\u00fc, tek liste ile girdi\u011fi se\u00e7imde oylar\u0131n tamam\u0131n\u0131 alarak yeniden ba\u015fkan se\u00e7ildi. Divan ba\u015fkanl\u0131\u011f\u0131n\u0131 Turgutlu&#8230;<\/p>\n","protected":false},"author":1,"featured_media":85410,"comment_status":"open","ping_status":"open","sticky":false,"template":"","format":"standard","meta":{"_crdt_document":"","footnotes":""},"categories":[125],"tags":[],"class_list":["post-85409","post","type-post","status-publish","format-standard","has-post-thumbnail","hentry","category-ekonomi"],"_links":{"self":[{"href":"https:\/\/www.egemtv.com\/index.php?rest_route=\/wp\/v2\/posts\/85409","targetHints":{"allow":["GET"]}}],"collection":[{"href":"https:\/\/www.egemtv.com\/index.php?rest_route=\/wp\/v2\/posts"}],"about":[{"href":"https:\/\/www.egemtv.com\/index.php?rest_route=\/wp\/v2\/types\/post"}],"author":[{"embeddable":true,"href":"https:\/\/www.egemtv.com\/index.php?rest_route=\/wp\/v2\/users\/1"}],"replies":[{"embeddable":true,"href":"https:\/\/www.egemtv.com\/index.php?rest_route=%2Fwp%2Fv2%2Fcomments&post=85409"}],"version-history":[{"count":1,"href":"https:\/\/www.egemtv.com\/index.php?rest_route=\/wp\/v2\/posts\/85409\/revisions"}],"predecessor-version":[{"id":85411,"href":"https:\/\/www.egemtv.com\/index.php?rest_route=\/wp\/v2\/posts\/85409\/revisions\/85411"}],"wp:featuredmedia":[{"embeddable":true,"href":"https:\/\/www.egemtv.com\/index.php?rest_route=\/wp\/v2\/media\/85410"}],"wp:attachment":[{"href":"https:\/\/www.egemtv.com\/index.php?rest_route=%2Fwp%2Fv2%2Fmedia&parent=85409"}],"wp:term":[{"taxonomy":"category","embeddable":true,"href":"https:\/\/www.egemtv.com\/index.php?rest_route=%2Fwp%2Fv2%2Fcategories&post=85409"},{"taxonomy":"post_tag","embeddable":true,"href":"https:\/\/www.egemtv.com\/index.php?rest_route=%2Fwp%2Fv2%2Ftags&post=85409"}],"curies":[{"name":"wp","href":"https:\/\/api.w.org\/{rel}","templated":true}]}}