{"id":85406,"date":"2026-02-04T17:54:55","date_gmt":"2026-02-04T14:54:55","guid":{"rendered":"https:\/\/www.egemtv.com\/?p=85406"},"modified":"2026-02-04T17:54:56","modified_gmt":"2026-02-04T14:54:56","slug":"manisa-cbu-teknokente-destek-saglayan-firmalara-odul","status":"publish","type":"post","link":"https:\/\/www.egemtv.com\/?p=85406","title":{"rendered":"Manisa CB\u00dc TEKNOKENT\u2019e destek sa\u011flayan firmalara \u00f6d\u00fcl"},"content":{"rendered":"<p>Manisa Celal Bayar \u00dcniversitesi (MCB\u00dc) Teknokent\u2019e gerek \u00fcretim gerekse istihdamla en b\u00fcy\u00fck katk\u0131y\u0131 sa\u011flayan firmalar d\u00fczenlenen t\u00f6renle \u00f6d\u00fcllendirildi.<br \/>\n<br \/>Manisa CB\u00dc Teknokent b\u00fcnyesinde &#8220;Giri\u015fimcilik \u00d6d\u00fcl\u00fc&#8221;, &#8220;Proje \u00d6d\u00fcl\u00fc&#8221;, &#8220;Ticarile\u015fme&#8221;, &#8220;Fikri M\u00fclkiyet Haklar\u0131&#8221;, &#8220;\u0130stihdam&#8221;, &#8220;S\u00fcrd\u00fcr\u00fclebilirlik&#8221;, &#8220;\u0130\u015fbirli\u011fi&#8221;, &#8220;Hibe Programlar\u0131&#8221; alanlar\u0131nda ba\u015far\u0131 g\u00f6steren firmalar \u0130novasyon ve \u00d6d\u00fcl T\u00f6reninde \u00f6d\u00fcllerini ald\u0131. Kategorilerde her \u00f6d\u00fcl ba\u015fl\u0131\u011f\u0131nda 3. olan firmaya y\u00fczde 20, 2. olan firmaya y\u00fczde 30, 1. olan firmaya y\u00fczde 40 kira indirimi uygulanacak.<\/p>\n<p>Teknokent\u2019ten TUSA\u015e\u2019a \u00f6\u011frenci deste\u011fi<br \/>\n<br \/>T\u00f6renin a\u00e7\u0131l\u0131\u015f konu\u015fmas\u0131n\u0131 ger\u00e7ekle\u015ftiren Teknokent Genel M\u00fcd\u00fcr\u00fc Prof. Dr. Ali Demir, &#8220;Ara\u015ft\u0131rma \u00fcniversiteleri d\u0131\u015f\u0131nda sadece Manisa Celal Bayar \u00dcniversitesi\u2019nde TUSA\u015e\u2019\u0131n bir laboratuvar\u0131 var. O da bizim m\u00fchendislik fak\u00fcltesinin b\u00fcnyesinde. Burada nitelikli projeler havac\u0131l\u0131k ve savunma sanayi taraf\u0131na projeler \u00fcretiyoruz. \u00d6\u011frencilerimizi burada de\u011ferlendiriyoruz. \u00d6\u011frencilerimizi de firmalarla e\u015fle\u015ftiriyoruz. Firmalar birer tane toplamda da yedi tane proje sundular. Savunma sanayi ve havac\u0131l\u0131\u011fa. Yakla\u015f\u0131k Yakla\u015f\u0131k buradaki rakamlar \u00e7ok g\u00fczel. 80 \u00f6\u011frencimiz ba\u015fvurdu bu projelere. Biz eleme yapmak zorunda kald\u0131k. Firmalar\u0131m\u0131z burada maddi destek de veriyor. Biz de destek veriyoruz. \u00d6\u011frencilerimizi bu alanda yeti\u015ftirip, mezun edip bu firmalarda veya TUSA\u015e\u2019ta istihdam\u0131na katk\u0131 sa\u011flamay\u0131 hedefliyoruz&#8221; dedi.<\/p>\n<p>&#8220;Sanayi ile sahan\u0131n i\u00e7 i\u00e7e olmas\u0131na \u00f6zen g\u00f6steriyoruz&#8221;<br \/>\n<br \/>\u00dcniversite &#8211; sanayi i\u015fbirli\u011fine \u00f6nem verdiklerini belirten Manisa CB\u00dc Rekt\u00f6r\u00fc Prof. Dr. Rana Kibar, &#8220;Biliyorsunuz \u00fcniversite sanayi i\u015fbirli\u011fi evet \u00e7ok \u00f6nemli. \u00dcniversite sanayi aras\u0131ndaki i\u015fbirlikleri \u00f6zellikle \u00fclkelerin kalk\u0131nma hedeflerinde, kalk\u0131nma planlar\u0131 aras\u0131nda \u00e7ok ciddi bir yere sahip. \u0130\u015fte biz de bunu \u00f6nemsiyoruz. Dolay\u0131s\u0131yla \u00fclkemizde her anlamda sadece istihdama y\u00f6nelik de\u011fil, ara\u015ft\u0131rma geli\u015ftirme anlam\u0131nda teknolojinin daha ileriye ta\u015f\u0131nmas\u0131, daha somut sonu\u00e7lara ula\u015fmas\u0131 bak\u0131m\u0131ndan \u00fcniversitemizde Teknokent b\u00fcnyesinde y\u00fcr\u00fct\u00fclen faaliyetleri, projeleri destekleme noktas\u0131nda her zaman sanayi ile sahan\u0131n i\u00e7 i\u00e7e olmas\u0131na \u00f6zen g\u00f6steriyoruz. Bu anlamda yapt\u0131\u011f\u0131m\u0131z \u00e7ok farkl\u0131 projelerimiz var&#8221; dedi.<br \/>\n<br \/>Teknokenti b\u00fcy\u00fctmeye devam ettiklerini belirten Rekt\u00f6r Prof. Dr. Kibar, Teknokentimizi b\u00fcy\u00fctmeye devam ediyoruz. \u015eu anda 150\u2019nin \u00fczeri firmam\u0131z var. B\u00fcy\u00fcmeye \u00e7ok a\u00e7\u0131\u011f\u0131z. Bu konuda gelen teklifler \u00e7ok fazla. Biz de hem fiziki imkanlar\u0131m\u0131z\u0131 hem altyap\u0131m\u0131z\u0131 geli\u015ftirerek b\u00fcy\u00fcmeye devam ediyoruz Manisa Teknokent olarak. \u0130\u015fte bu noktada saha ile olan sekt\u00f6r ile olan i\u015fbirliklerimiz \u00e7ok \u00f6nemli. \u00d6rne\u011fin hocam Skytek projelerinden bahsetti. Manisa Celal Bayar \u00dcniversitesi\u2019nin TUSA\u015e, Teknokent ve teknoloji transfer ofisimizin i\u015fbirli\u011fiyle kurdu\u011fu bir laboratuvar\u0131m\u0131z var ki T\u00fcrkiye\u2019de sadece ara\u015ft\u0131rma \u00fcniversitelerine kurulan bu laboratuvar ilk defa onlar d\u0131\u015f\u0131nda ara\u015ft\u0131rma \u00fcniversitesi olmayan bir \u00fcniversiteye kuruldu. Fark\u0131 sanayi ile de bu firmalarla da payda\u015f olunmas\u0131yd\u0131. Dolay\u0131s\u0131yla biz b\u00f6yle g\u00fczel bir laboratuvara sahibiz. Bununla ilgili Skytech projelerini y\u00fcr\u00fct\u00fcyoruz. Daha \u00f6nce tamamlad\u0131\u011f\u0131m\u0131z projeler oldu. \u00d6\u011frencilerimiz \u00e7ok g\u00fczel projeler \u00fcretiyorlar ve \u00fcrettikleri projelerde, s\u00f6z konusu alanlarda \u00e7ok g\u00fczel \u00f6d\u00fcller kazand\u0131r\u0131yorlar \u00fcniversitemize. \u0130\u015fte biz de istiyoruz ki sanayicilerimizin de deste\u011fiyle, firmalar\u0131m\u0131z\u0131n da deste\u011fiyle birlikte hocalar\u0131m\u0131z\u0131n dan\u0131\u015fmanl\u0131\u011f\u0131nda \u00f6\u011frencilerimizin projelerine bu \u015fekilde sizlerle, sahayla birlikte destek bulal\u0131m. Bunlar hem ileri teknolojinin olu\u015fmas\u0131na, hem de bir fikri \u00fcr\u00fcne d\u00f6n\u00fc\u015fmesine vesile olacak&#8221; dedi.<br \/>\n<br \/>Konu\u015fmalar\u0131n ard\u0131ndan dereceye giren firmalara \u00f6d\u00fclleri verildi.<br \/>\n<br \/>T\u00f6rene Manisa Vali Yard\u0131mc\u0131s\u0131 Mustafa Harputlu, Manisa CB\u00dc Rekt\u00f6r\u00fc Prof. Dr. Rana Kibar, Manisa Ticaret ve Sanayi Odas\u0131 Ba\u015fkan\u0131 Mehmet Y\u0131lmaz, Teknokent M\u00fcd\u00fcr\u00fc Prof. Dr. Ali Demir, Yunusemre Belediye Ba\u015fkan Yard\u0131mc\u0131s\u0131 Mehmet Mesut Do\u011fan, akademisyenler, firma temsilcileri ve Teknokent y\u00f6netim kurulu \u00fcyeleri kat\u0131ld\u0131.<br \/><\/p>\n","protected":false},"excerpt":{"rendered":"<p>Manisa Celal Bayar \u00dcniversitesi (MCB\u00dc) Teknokent\u2019e gerek \u00fcretim gerekse istihdamla en b\u00fcy\u00fck katk\u0131y\u0131 sa\u011flayan firmalar d\u00fczenlenen t\u00f6renle \u00f6d\u00fcllendirildi. Manisa CB\u00dc Teknokent b\u00fcnyesinde &#8220;Giri\u015fimcilik \u00d6d\u00fcl\u00fc&#8221;, &#8220;Proje \u00d6d\u00fcl\u00fc&#8221;, &#8220;Ticarile\u015fme&#8221;, &#8220;Fikri M\u00fclkiyet Haklar\u0131&#8221;, &#8220;\u0130stihdam&#8221;, &#8220;S\u00fcrd\u00fcr\u00fclebilirlik&#8221;, &#8220;\u0130\u015fbirli\u011fi&#8221;, &#8220;Hibe Programlar\u0131&#8221; alanlar\u0131nda ba\u015far\u0131 g\u00f6steren firmalar \u0130novasyon ve \u00d6d\u00fcl T\u00f6reninde \u00f6d\u00fcllerini ald\u0131. Kategorilerde her \u00f6d\u00fcl ba\u015fl\u0131\u011f\u0131nda 3. olan firmaya y\u00fczde 20, 2&#8230;.<\/p>\n","protected":false},"author":1,"featured_media":85407,"comment_status":"open","ping_status":"open","sticky":false,"template":"","format":"standard","meta":{"_crdt_document":"","footnotes":""},"categories":[125],"tags":[],"class_list":["post-85406","post","type-post","status-publish","format-standard","has-post-thumbnail","hentry","category-ekonomi"],"_links":{"self":[{"href":"https:\/\/www.egemtv.com\/index.php?rest_route=\/wp\/v2\/posts\/85406","targetHints":{"allow":["GET"]}}],"collection":[{"href":"https:\/\/www.egemtv.com\/index.php?rest_route=\/wp\/v2\/posts"}],"about":[{"href":"https:\/\/www.egemtv.com\/index.php?rest_route=\/wp\/v2\/types\/post"}],"author":[{"embeddable":true,"href":"https:\/\/www.egemtv.com\/index.php?rest_route=\/wp\/v2\/users\/1"}],"replies":[{"embeddable":true,"href":"https:\/\/www.egemtv.com\/index.php?rest_route=%2Fwp%2Fv2%2Fcomments&post=85406"}],"version-history":[{"count":1,"href":"https:\/\/www.egemtv.com\/index.php?rest_route=\/wp\/v2\/posts\/85406\/revisions"}],"predecessor-version":[{"id":85408,"href":"https:\/\/www.egemtv.com\/index.php?rest_route=\/wp\/v2\/posts\/85406\/revisions\/85408"}],"wp:featuredmedia":[{"embeddable":true,"href":"https:\/\/www.egemtv.com\/index.php?rest_route=\/wp\/v2\/media\/85407"}],"wp:attachment":[{"href":"https:\/\/www.egemtv.com\/index.php?rest_route=%2Fwp%2Fv2%2Fmedia&parent=85406"}],"wp:term":[{"taxonomy":"category","embeddable":true,"href":"https:\/\/www.egemtv.com\/index.php?rest_route=%2Fwp%2Fv2%2Fcategories&post=85406"},{"taxonomy":"post_tag","embeddable":true,"href":"https:\/\/www.egemtv.com\/index.php?rest_route=%2Fwp%2Fv2%2Ftags&post=85406"}],"curies":[{"name":"wp","href":"https:\/\/api.w.org\/{rel}","templated":true}]}}