{"id":85400,"date":"2026-02-04T17:34:39","date_gmt":"2026-02-04T14:34:39","guid":{"rendered":"https:\/\/www.egemtv.com\/?p=85400"},"modified":"2026-02-04T17:34:40","modified_gmt":"2026-02-04T14:34:40","slug":"harita-hiz-ve-strateji-ayni-parkurda-bulustu","status":"publish","type":"post","link":"https:\/\/www.egemtv.com\/?p=85400","title":{"rendered":"Harita, h\u0131z ve strateji ayn\u0131 parkurda bulu\u015ftu"},"content":{"rendered":"<p>Ayd\u0131n\u2019\u0131n Efeler il\u00e7esinde ger\u00e7ekle\u015ftirilen oryantriring yar\u0131\u015fmalar\u0131nda gen\u00e7ler, k\u0131yas\u0131ya m\u00fccadele etti.<\/p>\n<p>Okul Sporlar\u0131 Gen\u00e7ler A-B K\u0131z ve Erkek Grup Yar\u0131\u015fmalar\u0131, 4 \u015eubat 2026 tarihinde Adnan Menderes \u00dcniversitesi kamp\u00fcs\u00fc i\u00e7erisinde ger\u00e7ekle\u015ftirildi. Toplam 588 sporcunun yer ald\u0131\u011f\u0131 yar\u0131\u015fmalarda gen\u00e7ler, zamana kar\u015f\u0131 yar\u0131\u015f\u0131rken ayn\u0131 anda harita okumay\u0131, do\u011fru rotay\u0131 se\u00e7meyi ve h\u0131zl\u0131 karar vermeyi ba\u015farmaya \u00e7al\u0131\u015ft\u0131.<\/p>\n<p>Sporcular\u0131n nefes kesen performanslar\u0131, oryantiring bran\u015f\u0131n\u0131n gen\u00e7ler \u00fczerindeki geli\u015ftirici etkisini bir kez daha ortaya koydu. Yar\u0131\u015fmalar boyunca dostluk, fair-play ve m\u00fccadele ruhu \u00f6n plandayd\u0131. Ayd\u0131n Gen\u00e7lik ve Spor \u0130l M\u00fcd\u00fcrl\u00fc\u011f\u00fc taraf\u0131ndan yap\u0131lan a\u00e7\u0131klamada &#8220;Yar\u0131\u015fmalara kat\u0131lan t\u00fcm sporcular\u0131m\u0131z\u0131, eme\u011fi ge\u00e7en antren\u00f6rlerimizi, hakemlerimizi ve organizasyonda g\u00f6rev alan herkesi tebrik ederiz&#8221; ifadeleri yer ald\u0131.<br \/><\/p>\n","protected":false},"excerpt":{"rendered":"<p>Ayd\u0131n\u2019\u0131n Efeler il\u00e7esinde ger\u00e7ekle\u015ftirilen oryantriring yar\u0131\u015fmalar\u0131nda gen\u00e7ler, k\u0131yas\u0131ya m\u00fccadele etti. Okul Sporlar\u0131 Gen\u00e7ler A-B K\u0131z ve Erkek Grup Yar\u0131\u015fmalar\u0131, 4 \u015eubat 2026 tarihinde Adnan Menderes \u00dcniversitesi kamp\u00fcs\u00fc i\u00e7erisinde ger\u00e7ekle\u015ftirildi. Toplam 588 sporcunun yer ald\u0131\u011f\u0131 yar\u0131\u015fmalarda gen\u00e7ler, zamana kar\u015f\u0131 yar\u0131\u015f\u0131rken ayn\u0131 anda harita okumay\u0131, do\u011fru rotay\u0131 se\u00e7meyi ve h\u0131zl\u0131 karar vermeyi ba\u015farmaya \u00e7al\u0131\u015ft\u0131. Sporcular\u0131n nefes kesen&#8230;<\/p>\n","protected":false},"author":1,"featured_media":85401,"comment_status":"open","ping_status":"open","sticky":false,"template":"","format":"standard","meta":{"_crdt_document":"","footnotes":""},"categories":[4],"tags":[],"class_list":["post-85400","post","type-post","status-publish","format-standard","has-post-thumbnail","hentry","category-spor"],"_links":{"self":[{"href":"https:\/\/www.egemtv.com\/index.php?rest_route=\/wp\/v2\/posts\/85400","targetHints":{"allow":["GET"]}}],"collection":[{"href":"https:\/\/www.egemtv.com\/index.php?rest_route=\/wp\/v2\/posts"}],"about":[{"href":"https:\/\/www.egemtv.com\/index.php?rest_route=\/wp\/v2\/types\/post"}],"author":[{"embeddable":true,"href":"https:\/\/www.egemtv.com\/index.php?rest_route=\/wp\/v2\/users\/1"}],"replies":[{"embeddable":true,"href":"https:\/\/www.egemtv.com\/index.php?rest_route=%2Fwp%2Fv2%2Fcomments&post=85400"}],"version-history":[{"count":1,"href":"https:\/\/www.egemtv.com\/index.php?rest_route=\/wp\/v2\/posts\/85400\/revisions"}],"predecessor-version":[{"id":85402,"href":"https:\/\/www.egemtv.com\/index.php?rest_route=\/wp\/v2\/posts\/85400\/revisions\/85402"}],"wp:featuredmedia":[{"embeddable":true,"href":"https:\/\/www.egemtv.com\/index.php?rest_route=\/wp\/v2\/media\/85401"}],"wp:attachment":[{"href":"https:\/\/www.egemtv.com\/index.php?rest_route=%2Fwp%2Fv2%2Fmedia&parent=85400"}],"wp:term":[{"taxonomy":"category","embeddable":true,"href":"https:\/\/www.egemtv.com\/index.php?rest_route=%2Fwp%2Fv2%2Fcategories&post=85400"},{"taxonomy":"post_tag","embeddable":true,"href":"https:\/\/www.egemtv.com\/index.php?rest_route=%2Fwp%2Fv2%2Ftags&post=85400"}],"curies":[{"name":"wp","href":"https:\/\/api.w.org\/{rel}","templated":true}]}}