{"id":85397,"date":"2026-02-04T17:15:00","date_gmt":"2026-02-04T14:15:00","guid":{"rendered":"https:\/\/www.egemtv.com\/?p=85397"},"modified":"2026-02-04T17:15:00","modified_gmt":"2026-02-04T14:15:00","slug":"kusadasi-belediyesi-cocuk-gelisim-merkezi-gelecege-umut-oluyor","status":"publish","type":"post","link":"https:\/\/www.egemtv.com\/?p=85397","title":{"rendered":"Ku\u015fadas\u0131 Belediyesi \u00c7ocuk Geli\u015fim Merkezi gelece\u011fe umut oluyor"},"content":{"rendered":"<p>Sosyal belediyecilik anlay\u0131\u015f\u0131yla kentin her kesimine dokunan hizmetlerini aral\u0131ks\u0131z s\u00fcrd\u00fcren Ku\u015fadas\u0131 Belediye Ba\u015fkan\u0131 \u00d6mer G\u00fcnel, hayata ge\u00e7irdi\u011fi \u00f6rnek projelerle hem \u00e7ocuklar\u0131n hem de ailelerin y\u00fcz\u00fcn\u00fc g\u00fcld\u00fcrmeye devam ediyor. Bu vizyonun en anlaml\u0131 yans\u0131malar\u0131ndan biri olan \u00c7ocuk Geli\u015fim Merkezi, miniklere nitelikli bir \u00f6\u011frenme ortam\u0131 sunarken ebeveynlerin y\u00fck\u00fcn\u00fc de hafifletiyor.<\/p>\n<p>Ku\u015fadas\u0131 Belediyesi b\u00fcnyesinde 2025 y\u0131l\u0131nda hizmet vermeye ba\u015flayan \u00c7ocuk Geli\u015fim Merkezi, 36-60 ay aras\u0131 kentli \u00e7ocuklar\u0131 g\u00fcvenli, e\u011flenceli ve \u00f6\u011fretici bir ortamda bulu\u015fturuyor. Merkezde \u00e7ocuklar; ya\u015f gruplar\u0131na uygun, pedagojik temelli etkinliklerle hem e\u011fleniyor hem de bili\u015fsel, sosyal ve duygusal geli\u015fimlerini destekleyen nitelikli zaman ge\u00e7iriyor. Oyunla \u00f6\u011frenmenin temelinde oldu\u011fu bu \u00f6zel alanda minikler, payla\u015fmay\u0131, birlikte \u00fcretmeyi ve ke\u015ffetmeyi deneyimleyerek gelece\u011fe emin ad\u0131mlarla haz\u0131rlan\u0131yor.<\/p>\n<p>Hafta i\u00e7i her g\u00fcn 08.30-17.30 saatleri aras\u0131nda kap\u0131lar\u0131n\u0131 a\u00e7an \u00c7ocuk Geli\u015fim Merkezi, y\u0131l\u0131n 12 ay\u0131 boyunca kesintisiz hizmet vererek Ku\u015fadas\u0131\u2019nda \u00f6nemli bir ihtiyaca yan\u0131t veriyor. Sundu\u011fu imk\u00e2nlarla yaln\u0131zca \u00e7ocuklar\u0131n geli\u015fimine katk\u0131 sa\u011flamakla kalmayan merkez, \u00f6zellikle \u00e7al\u0131\u015fan anneler i\u00e7in de b\u00fcy\u00fck bir kolayl\u0131k sunuyor. Annelerin g\u00fcnl\u00fck hayat\u0131n\u0131 rahatlatan bu destek, ailelerin sosyal ya\u015fama daha g\u00fc\u00e7l\u00fc kat\u0131l\u0131m\u0131na da olanak tan\u0131yor.<\/p>\n<p>\u00c7ocuk Geli\u015fim Merkezi\u2019ne kay\u0131t \u00f6ncesi ba\u015fvurular ise Ada Mobil uygulamas\u0131 \u00fczerinden kolayl\u0131kla<br \/>\n<br \/>ger\u00e7ekle\u015ftirilebiliyor. Ku\u015fadas\u0131 Belediyesi\u2019nin dijital \u00e7\u00f6z\u00fcmleriyle desteklenen bu sistem, ailelere h\u0131zl\u0131 ve pratik bir ba\u015fvuru imk\u00e2n\u0131 sunuyor.<br \/><\/p>\n","protected":false},"excerpt":{"rendered":"<p>Sosyal belediyecilik anlay\u0131\u015f\u0131yla kentin her kesimine dokunan hizmetlerini aral\u0131ks\u0131z s\u00fcrd\u00fcren Ku\u015fadas\u0131 Belediye Ba\u015fkan\u0131 \u00d6mer G\u00fcnel, hayata ge\u00e7irdi\u011fi \u00f6rnek projelerle hem \u00e7ocuklar\u0131n hem de ailelerin y\u00fcz\u00fcn\u00fc g\u00fcld\u00fcrmeye devam ediyor. Bu vizyonun en anlaml\u0131 yans\u0131malar\u0131ndan biri olan \u00c7ocuk Geli\u015fim Merkezi, miniklere nitelikli bir \u00f6\u011frenme ortam\u0131 sunarken ebeveynlerin y\u00fck\u00fcn\u00fc de hafifletiyor. Ku\u015fadas\u0131 Belediyesi b\u00fcnyesinde 2025 y\u0131l\u0131nda hizmet vermeye&#8230;<\/p>\n","protected":false},"author":1,"featured_media":85398,"comment_status":"open","ping_status":"open","sticky":false,"template":"","format":"standard","meta":{"_crdt_document":"","footnotes":""},"categories":[1],"tags":[],"class_list":["post-85397","post","type-post","status-publish","format-standard","has-post-thumbnail","hentry","category-guncel"],"_links":{"self":[{"href":"https:\/\/www.egemtv.com\/index.php?rest_route=\/wp\/v2\/posts\/85397","targetHints":{"allow":["GET"]}}],"collection":[{"href":"https:\/\/www.egemtv.com\/index.php?rest_route=\/wp\/v2\/posts"}],"about":[{"href":"https:\/\/www.egemtv.com\/index.php?rest_route=\/wp\/v2\/types\/post"}],"author":[{"embeddable":true,"href":"https:\/\/www.egemtv.com\/index.php?rest_route=\/wp\/v2\/users\/1"}],"replies":[{"embeddable":true,"href":"https:\/\/www.egemtv.com\/index.php?rest_route=%2Fwp%2Fv2%2Fcomments&post=85397"}],"version-history":[{"count":1,"href":"https:\/\/www.egemtv.com\/index.php?rest_route=\/wp\/v2\/posts\/85397\/revisions"}],"predecessor-version":[{"id":85399,"href":"https:\/\/www.egemtv.com\/index.php?rest_route=\/wp\/v2\/posts\/85397\/revisions\/85399"}],"wp:featuredmedia":[{"embeddable":true,"href":"https:\/\/www.egemtv.com\/index.php?rest_route=\/wp\/v2\/media\/85398"}],"wp:attachment":[{"href":"https:\/\/www.egemtv.com\/index.php?rest_route=%2Fwp%2Fv2%2Fmedia&parent=85397"}],"wp:term":[{"taxonomy":"category","embeddable":true,"href":"https:\/\/www.egemtv.com\/index.php?rest_route=%2Fwp%2Fv2%2Fcategories&post=85397"},{"taxonomy":"post_tag","embeddable":true,"href":"https:\/\/www.egemtv.com\/index.php?rest_route=%2Fwp%2Fv2%2Ftags&post=85397"}],"curies":[{"name":"wp","href":"https:\/\/api.w.org\/{rel}","templated":true}]}}