{"id":85394,"date":"2026-02-04T17:14:58","date_gmt":"2026-02-04T14:14:58","guid":{"rendered":"https:\/\/www.egemtv.com\/?p=85394"},"modified":"2026-02-04T17:14:59","modified_gmt":"2026-02-04T14:14:59","slug":"ogrencilere-ikinci-donemin-ilk-beslenme-cantalari-ulastirildi","status":"publish","type":"post","link":"https:\/\/www.egemtv.com\/?p=85394","title":{"rendered":"\u00d6\u011frencilere ikinci d\u00f6nemin ilk beslenme \u00e7antalar\u0131 ula\u015ft\u0131r\u0131ld\u0131"},"content":{"rendered":"<p>Ku\u015fadas\u0131 Belediyesi, yar\u0131y\u0131l tatilinin sona ermesiyle birlikte kentte ya\u015fayan ihtiya\u00e7 sahibi ailelerin 6-14 ya\u015f aras\u0131 okula giden \u00e7ocuklar\u0131na haftal\u0131k beslenme deste\u011fini yeniden sa\u011flamaya ba\u015flad\u0131. Beslenme \u00e7antalar\u0131n\u0131 alan \u00f6\u011frenciler Ba\u015fkan \u00d6mer G\u00fcnel\u2019e te\u015fekk\u00fcr etti.<\/p>\n<p>Ku\u015fadas\u0131 Belediyesi taraf\u0131ndan dar gelirli kesimlerin \u00e7ocuklar\u0131 i\u00e7in ya\u015fama ge\u00e7irilen beslenme \u00e7antas\u0131 deste\u011fi, okullarda ikinci d\u00f6nemin ba\u015flamas\u0131yla birlikte devam ediyor. Bu kapsamda Sosyal Hizmetler M\u00fcd\u00fcrl\u00fc\u011f\u00fc ekipleri, belirlenen da\u011f\u0131t\u0131m noktalar\u0131 \u00fczerinden ikinci d\u00f6nemin ilk beslenme \u00e7antalar\u0131n\u0131 \u00f6\u011frencilere ula\u015ft\u0131rd\u0131. \u0130\u00e7erisinde \u00e7i\u011f kuruyemi\u015f, mevsim meyveleri, meyve suyu, su, s\u00fct ve sandvi\u00e7 ekme\u011finin bulundu\u011fu beslenme deste\u011fine, \u00e7ocuklar\u0131n ba\u011f\u0131\u015f\u0131kl\u0131\u011f\u0131n\u0131 g\u00fc\u00e7lendirmesi ve enerji vermesi i\u00e7in tahin ve pekmez paketleri de eklendi. Beslenme paketlerini alan \u00f6\u011frenciler sosyal belediyecilik \u00e7al\u0131\u015fmalar\u0131yla takdir toplayan Ba\u015fkan \u00d6mer G\u00fcnel\u2019e te\u015fekk\u00fcrlerini iletti.<br \/><\/p>\n","protected":false},"excerpt":{"rendered":"<p>Ku\u015fadas\u0131 Belediyesi, yar\u0131y\u0131l tatilinin sona ermesiyle birlikte kentte ya\u015fayan ihtiya\u00e7 sahibi ailelerin 6-14 ya\u015f aras\u0131 okula giden \u00e7ocuklar\u0131na haftal\u0131k beslenme deste\u011fini yeniden sa\u011flamaya ba\u015flad\u0131. Beslenme \u00e7antalar\u0131n\u0131 alan \u00f6\u011frenciler Ba\u015fkan \u00d6mer G\u00fcnel\u2019e te\u015fekk\u00fcr etti. Ku\u015fadas\u0131 Belediyesi taraf\u0131ndan dar gelirli kesimlerin \u00e7ocuklar\u0131 i\u00e7in ya\u015fama ge\u00e7irilen beslenme \u00e7antas\u0131 deste\u011fi, okullarda ikinci d\u00f6nemin ba\u015flamas\u0131yla birlikte devam ediyor. Bu kapsamda&#8230;<\/p>\n","protected":false},"author":1,"featured_media":85395,"comment_status":"open","ping_status":"open","sticky":false,"template":"","format":"standard","meta":{"_crdt_document":"","footnotes":""},"categories":[2],"tags":[],"class_list":["post-85394","post","type-post","status-publish","format-standard","has-post-thumbnail","hentry","category-saglik"],"_links":{"self":[{"href":"https:\/\/www.egemtv.com\/index.php?rest_route=\/wp\/v2\/posts\/85394","targetHints":{"allow":["GET"]}}],"collection":[{"href":"https:\/\/www.egemtv.com\/index.php?rest_route=\/wp\/v2\/posts"}],"about":[{"href":"https:\/\/www.egemtv.com\/index.php?rest_route=\/wp\/v2\/types\/post"}],"author":[{"embeddable":true,"href":"https:\/\/www.egemtv.com\/index.php?rest_route=\/wp\/v2\/users\/1"}],"replies":[{"embeddable":true,"href":"https:\/\/www.egemtv.com\/index.php?rest_route=%2Fwp%2Fv2%2Fcomments&post=85394"}],"version-history":[{"count":1,"href":"https:\/\/www.egemtv.com\/index.php?rest_route=\/wp\/v2\/posts\/85394\/revisions"}],"predecessor-version":[{"id":85396,"href":"https:\/\/www.egemtv.com\/index.php?rest_route=\/wp\/v2\/posts\/85394\/revisions\/85396"}],"wp:featuredmedia":[{"embeddable":true,"href":"https:\/\/www.egemtv.com\/index.php?rest_route=\/wp\/v2\/media\/85395"}],"wp:attachment":[{"href":"https:\/\/www.egemtv.com\/index.php?rest_route=%2Fwp%2Fv2%2Fmedia&parent=85394"}],"wp:term":[{"taxonomy":"category","embeddable":true,"href":"https:\/\/www.egemtv.com\/index.php?rest_route=%2Fwp%2Fv2%2Fcategories&post=85394"},{"taxonomy":"post_tag","embeddable":true,"href":"https:\/\/www.egemtv.com\/index.php?rest_route=%2Fwp%2Fv2%2Ftags&post=85394"}],"curies":[{"name":"wp","href":"https:\/\/api.w.org\/{rel}","templated":true}]}}