{"id":85391,"date":"2026-02-04T17:14:57","date_gmt":"2026-02-04T14:14:57","guid":{"rendered":"https:\/\/www.egemtv.com\/?p=85391"},"modified":"2026-02-04T17:14:58","modified_gmt":"2026-02-04T14:14:58","slug":"defne-joy-fosterin-olum-yildonumunde-feto-suphesi-yeniden-gundeme-geldi","status":"publish","type":"post","link":"https:\/\/www.egemtv.com\/?p=85391","title":{"rendered":"Defne Joy Foster\u2019\u0131n \u00f6l\u00fcm y\u0131ld\u00f6n\u00fcm\u00fcnde &#8220;FET\u00d6&#8221; \u015f\u00fcphesi yeniden g\u00fcndeme geldi"},"content":{"rendered":"<p>\u0130stanbul\u2019un Kad\u0131k\u00f6y il\u00e7esinde 2001 y\u0131l\u0131nda, \u2019FET\u00d6 \u00fcyesi olmak\u2019 ve \u2019h\u00fck\u00fbmeti ortadan kald\u0131rmaya te\u015febb\u00fcs etmek\u2019 su\u00e7lar\u0131ndan yarg\u0131lanan yazar Ahmet Altan\u2019\u0131n o\u011flu Kerem Altan\u2019\u0131n evinde ast\u0131m krizi ve kalp durmas\u0131 sonucu hayat\u0131n\u0131 kaybeden \u00fcnl\u00fc oyuncu ve sunucu Defne Joy Foster\u2019la ilgili &#8220;FET\u00d6&#8221; iddialar\u0131 yeniden g\u00fcndeme geldi. Defne Joy Foster\u2019\u0131n vefat y\u0131ld\u00f6n\u00fcm\u00fcnde Ku\u015fadas\u0131\u2019nda lokma hayr\u0131 d\u00fczenleyen anne Hatice Nayman, k\u0131z\u0131n\u0131n \u00f6l\u00fcm\u00fcnden FET\u00d6\/PDY\u2019nin sorumlu oldu\u011funu s\u00f6yledi.<br \/>\n<br \/>\u00dcnl\u00fc oyuncu ve sunucu Defne Joy Foster, 2011 y\u0131l\u0131nda Kad\u0131k\u00f6y\u2019de Fetullah\u00e7\u0131 Ter\u00f6r \u00d6rg\u00fct\u00fc\/Paralel Devlet Yap\u0131lanmas\u0131 (FET\u00d6\/PDY) \u00fcyesi olmaktan tutuklanan \u00fcnl\u00fc Yazar Ahmet Altan\u2019\u0131n o\u011flu Kerem Altan\u2019\u0131n evinde \u00f6l\u00fc bulunmu\u015f, Foster\u2019\u0131n FET\u00d6 kurban\u0131 oldu\u011funu iddia edilmi\u015fti. Ayn\u0131 zamanda Yazar \u00c7etin Altan\u2019\u0131n torunu olan Kerem Altan\u2019\u0131n evinde ast\u0131m krizi ve kalp durmas\u0131 sonucu hayat\u0131n\u0131 kaybeden Foster\u2019\u0131n \u00f6l\u00fcm\u00fcyle ilgili olarak Kerem Altan\u2019\u0131n ambulans \u00e7a\u011f\u0131rmad\u0131\u011f\u0131 ve \u00f6l\u00fcm\u00fcne seyirci kald\u0131\u011f\u0131 iddialar\u0131 uzun s\u00fcre g\u00fcndemde kalm\u0131\u015ft\u0131. Defne Joy Foster\u2019\u0131n Ku\u015fadas\u0131\u2019nda ya\u015fa\u015fayan annesi Hatice Nayman, k\u0131z\u0131n\u0131n 15. \u00f6l\u00fcm y\u0131ld\u00f6n\u00fcm\u00fcnde Ku\u015fadas\u0131\u2019nda lokma hayr\u0131 ger\u00e7ekle\u015ftirdi. Vatanda\u015flar\u0131n ilgi g\u00f6sterdi\u011fi hay\u0131r sonras\u0131 evinde a\u00e7\u0131klamalarda bulunan Nayman, k\u0131z\u0131n\u0131n \u00f6l\u00fcm\u00fcnden do\u011frudan Ahmet Altan ve o\u011flu Kerem Altan\u2019\u0131 sorumlu tutarken, olay\u0131n arkas\u0131nda FET\u00d6\/PDY oldu\u011funu ifade etti.<\/p>\n<p>&#8220;112\u2019yi arasalar k\u0131z\u0131m bug\u00fcn hayattayd\u0131&#8221;<br \/>\n<br \/>Hatice Nayman, k\u0131z\u0131n\u0131n \u00f6ld\u00fc\u011f\u00fc gece ya\u015fanan ihmaller zincirine dikkat \u00e7ekerek, Kerem Altan\u2019\u0131n tutumunu ele\u015ftirdi. Olay an\u0131nda k\u0131z\u0131n\u0131n Kerem Altan\u2019\u0131n evinde bulundu\u011funu, Altan\u2019\u0131n acil yard\u0131m \u00e7a\u011f\u0131rmak yerine soka\u011fa \u00e7\u0131karak yard\u0131m talebinde bulundu\u011funu s\u00f6yleyen Nayman, &#8220;112\u2019yi aramak yerine sokaklarda doktor aram\u0131\u015flar. \u00d6l\u00fcme terk etmi\u015fler. E\u011fer zaman\u0131nda m\u00fcdahale edilseydi, ambulans gelseydi k\u0131z\u0131m bug\u00fcn yan\u0131mda olacakt\u0131&#8221; dedi. Altan ailesinin o d\u00f6nemdeki konumuna de\u011finen anne, adaletin yerini bulmad\u0131\u011f\u0131n\u0131 savundu.<\/p>\n<p>&#8220;FET\u00d6 lakab\u0131n\u0131 ilk o kullanm\u0131\u015ft\u0131&#8221;<br \/>\n<br \/>Bu yap\u0131lanma i\u00e7in ilk defa &#8220;FET\u00d6&#8221; nitelemesini kullanan ki\u015finin k\u0131z\u0131 oldu\u011funu ifade eden Nayman, &#8220;K\u0131z\u0131m, bu yap\u0131n\u0131n ger\u00e7ek y\u00fcz\u00fcn\u00fc ve lakab\u0131n\u0131 T\u00fcrkiye\u2019de ilk yazan ki\u015fiydi. Bu belgeleriyle gazetelerde \u00e7\u0131kt\u0131. Lakab\u0131 ilk o takt\u0131\u011f\u0131 i\u00e7in onu hedef ald\u0131lar ve \u00f6ld\u00fcrd\u00fcler diyebilirim. Altanlar zaten FET\u00d6\u2019c\u00fc, bunu art\u0131k herkes biliyor. K\u0131z\u0131m\u0131n \u00f6l\u00fcm\u00fcnde bu karanl\u0131k yap\u0131n\u0131n parma\u011f\u0131 var&#8221; dedi.<br \/>\n<br \/>\u00d6te yandan Foster, \u00f6l\u00fcm\u00fcn\u00fcn 15. y\u0131l d\u00f6n\u00fcm\u00fcnde \u0130stanbul Zincirlikuyu Mezarl\u0131\u011f\u0131\u2019ndaki mezar\u0131n\u0131n ba\u015f\u0131nda da an\u0131ld\u0131. Mehmet Yavuz isimli g\u00f6revli, &#8220;Gelen fazla olmuyor. \u00d6l\u00fcm y\u0131l d\u00f6n\u00fcm\u00fcnde de kimse gelmedi&#8221; dedi.<br \/><\/p>\n","protected":false},"excerpt":{"rendered":"<p>\u0130stanbul\u2019un Kad\u0131k\u00f6y il\u00e7esinde 2001 y\u0131l\u0131nda, \u2019FET\u00d6 \u00fcyesi olmak\u2019 ve \u2019h\u00fck\u00fbmeti ortadan kald\u0131rmaya te\u015febb\u00fcs etmek\u2019 su\u00e7lar\u0131ndan yarg\u0131lanan yazar Ahmet Altan\u2019\u0131n o\u011flu Kerem Altan\u2019\u0131n evinde ast\u0131m krizi ve kalp durmas\u0131 sonucu hayat\u0131n\u0131 kaybeden \u00fcnl\u00fc oyuncu ve sunucu Defne Joy Foster\u2019la ilgili &#8220;FET\u00d6&#8221; iddialar\u0131 yeniden g\u00fcndeme geldi. Defne Joy Foster\u2019\u0131n vefat y\u0131ld\u00f6n\u00fcm\u00fcnde Ku\u015fadas\u0131\u2019nda lokma hayr\u0131 d\u00fczenleyen anne Hatice&#8230;<\/p>\n","protected":false},"author":1,"featured_media":85392,"comment_status":"open","ping_status":"open","sticky":false,"template":"","format":"standard","meta":{"_crdt_document":"","footnotes":""},"categories":[1],"tags":[],"class_list":["post-85391","post","type-post","status-publish","format-standard","has-post-thumbnail","hentry","category-guncel"],"_links":{"self":[{"href":"https:\/\/www.egemtv.com\/index.php?rest_route=\/wp\/v2\/posts\/85391","targetHints":{"allow":["GET"]}}],"collection":[{"href":"https:\/\/www.egemtv.com\/index.php?rest_route=\/wp\/v2\/posts"}],"about":[{"href":"https:\/\/www.egemtv.com\/index.php?rest_route=\/wp\/v2\/types\/post"}],"author":[{"embeddable":true,"href":"https:\/\/www.egemtv.com\/index.php?rest_route=\/wp\/v2\/users\/1"}],"replies":[{"embeddable":true,"href":"https:\/\/www.egemtv.com\/index.php?rest_route=%2Fwp%2Fv2%2Fcomments&post=85391"}],"version-history":[{"count":1,"href":"https:\/\/www.egemtv.com\/index.php?rest_route=\/wp\/v2\/posts\/85391\/revisions"}],"predecessor-version":[{"id":85393,"href":"https:\/\/www.egemtv.com\/index.php?rest_route=\/wp\/v2\/posts\/85391\/revisions\/85393"}],"wp:featuredmedia":[{"embeddable":true,"href":"https:\/\/www.egemtv.com\/index.php?rest_route=\/wp\/v2\/media\/85392"}],"wp:attachment":[{"href":"https:\/\/www.egemtv.com\/index.php?rest_route=%2Fwp%2Fv2%2Fmedia&parent=85391"}],"wp:term":[{"taxonomy":"category","embeddable":true,"href":"https:\/\/www.egemtv.com\/index.php?rest_route=%2Fwp%2Fv2%2Fcategories&post=85391"},{"taxonomy":"post_tag","embeddable":true,"href":"https:\/\/www.egemtv.com\/index.php?rest_route=%2Fwp%2Fv2%2Ftags&post=85391"}],"curies":[{"name":"wp","href":"https:\/\/api.w.org\/{rel}","templated":true}]}}