{"id":85388,"date":"2026-02-04T16:55:27","date_gmt":"2026-02-04T13:55:27","guid":{"rendered":"https:\/\/www.egemtv.com\/?p=85388"},"modified":"2026-02-04T16:55:28","modified_gmt":"2026-02-04T13:55:28","slug":"baskan-zencirciden-devesiyle-unlu-turanlara-deve-heykeli","status":"publish","type":"post","link":"https:\/\/www.egemtv.com\/?p=85388","title":{"rendered":"Ba\u015fkan Zencirci\u2019den devesiyle \u00fcnl\u00fc Turanlar\u2019a deve heykeli"},"content":{"rendered":"<p>Ayd\u0131n\u2019\u0131n Germencik il\u00e7esinde develeriyle me\u015fhur Turanlar Mahallesi giri\u015fine yapt\u0131r\u0131lan deve heykeli, davul ve zurna e\u015fli\u011finde d\u00fczenlenen t\u00f6renle a\u00e7\u0131ld\u0131. A\u00e7\u0131l\u0131\u015fa getirilen develer ise t\u00f6rene renk katt\u0131.<\/p>\n<p>Germencik Belediye Ba\u015fkan\u0131 Burak Zencirci\u2019nin, se\u00e7im \u00f6ncesi mahalle sakinlerine verdi\u011fi s\u00f6z do\u011frultusunda yapt\u0131r\u0131lan heykelin a\u00e7\u0131l\u0131\u015f\u0131na; Ba\u015fkan Zencirci\u2019nin yan\u0131 s\u0131ra Turanlar Mahalle Muhtar\u0131 Himmet \u0130zmir, Devecilik K\u00fclt\u00fcr\u00fc ve Deve G\u00fcre\u015fleri Federasyonu Ba\u015fkan\u0131 Akk\u0131n Pazarl\u0131o\u011flu, Y\u00f6r\u00fck dernekleri ba\u015fkanlar\u0131, meclis \u00fcyeleri, muhtarlar ve \u00e7ok say\u0131da mahalle sakini kat\u0131ld\u0131.<\/p>\n<p>T\u00f6rende konu\u015fan Turanlar Mahalle Muhtar\u0131 Himmet \u0130zmir devecilik k\u00fclt\u00fcr\u00fcn\u00fcn Turanlar Mahallesi\u2019nde yo\u011fun olarak ya\u015fat\u0131ld\u0131\u011f\u0131n\u0131 belirterek, &#8220;Deve say\u0131s\u0131n\u0131n en fazla Turanlar Mahallemizde olmas\u0131ndan dolay\u0131 se\u00e7im \u00f6ncesinde Belediye Ba\u015fkan\u0131m\u0131z Burak Zencirci\u2019den rica ettik. \u2018Dedik devecilik k\u00fclt\u00fcr\u00fcn\u00fc Turanlar ya\u015fat\u0131yor. Bunun eziyetini Turanlar \u00e7ekiyorsa neden bir deve heykelimiz olmas\u0131n\u2019 dedik. Bu d\u00fcnya bize ge\u00e7mi\u015fimizden bize miras kalmad\u0131. Gelecek nesillere aktar\u0131lmak i\u00e7in bir emanet. Bizler b\u00fcy\u00fcklerimizden miras ald\u0131\u011f\u0131m\u0131z bu devecilik k\u00fclt\u00fcr\u00fcn\u00fc bizden sonraki nesillere devredebilmek i\u00e7in b\u00f6yle bir talepte bulunduk. Germencik Belediye Ba\u015fkan\u0131m\u0131za \u00e7ok te\u015fekk\u00fcr ederiz. Zaman saman sosyal medyada ele\u015ftiriler var. Diyorlar ki \u2018Belediyenin ve muhtarl\u0131\u011f\u0131n deve heykelinden ba\u015fka yapacak bir \u015feyi yok mu?\u2019 elbette var. Ama bizim bir k\u00fclt\u00fcr\u00fcm\u00fcz var. m\u00fczisyenleriyle \u00fcnl\u00fc Yeni Mahallede mesela davul zurna heykeli var. \u00c7\u00fcnk\u00fc oran\u0131n simgesi o. Denizli\u2019nin horozu me\u015fhur. Her yerde horuz heykeli var. Karde\u015fim bizim Turanlar\u2019da deve heykeli olunca niye kursa\u011f\u0131n\u0131z kald\u0131rm\u0131yor. Niye ele\u015ftiriyorsunuz. Bu da Turanlar\u2019\u0131n bir sembol\u00fc. Ele\u015ftirseniz de dikece\u011fiz, ele\u015ftirmeseniz de dikece\u011fiz&#8221; dedi.<\/p>\n<p>Germencik Belediye Ba\u015fkan\u0131 Burak Zencirci ise, yap\u0131lan \u00e7al\u0131\u015fman\u0131n yaln\u0131zca bir heykel de\u011fil, k\u00f6kl\u00fc bir k\u00fclt\u00fcr\u00fcn temsili oldu\u011funu vurgulayarak, &#8220;Bu heykel bir sanat eseri olman\u0131n \u00f6tesinde, 100 y\u0131ll\u0131k bir Y\u00f6r\u00fck gelene\u011finin simgesidir. Germencik, T\u00fcrkiye\u2019de deve g\u00fcre\u015flerinin ba\u015flad\u0131\u011f\u0131 yer olarak bilinir. 1927 y\u0131l\u0131na ait deve g\u00fcre\u015fi foto\u011fraflar\u0131 elimizde mevcut. Bu k\u00fclt\u00fcr\u00fc ya\u015fatmak bizim g\u00f6revimiz. Turanlar\u2019a hay\u0131rl\u0131 olsun&#8221; ifadelerini kulland\u0131.<\/p>\n<p>Konu\u015fmalar\u0131n ard\u0131ndan protokol taraf\u0131ndan heykelin \u00fczerindeki \u00f6rt\u00fc a\u00e7\u0131ld\u0131. Art\u0131k Turanlar Mahallesine gidenleri deve heykeli kar\u015f\u0131layacak.<br \/><\/p>\n","protected":false},"excerpt":{"rendered":"<p>Ayd\u0131n\u2019\u0131n Germencik il\u00e7esinde develeriyle me\u015fhur Turanlar Mahallesi giri\u015fine yapt\u0131r\u0131lan deve heykeli, davul ve zurna e\u015fli\u011finde d\u00fczenlenen t\u00f6renle a\u00e7\u0131ld\u0131. A\u00e7\u0131l\u0131\u015fa getirilen develer ise t\u00f6rene renk katt\u0131. Germencik Belediye Ba\u015fkan\u0131 Burak Zencirci\u2019nin, se\u00e7im \u00f6ncesi mahalle sakinlerine verdi\u011fi s\u00f6z do\u011frultusunda yapt\u0131r\u0131lan heykelin a\u00e7\u0131l\u0131\u015f\u0131na; Ba\u015fkan Zencirci\u2019nin yan\u0131 s\u0131ra Turanlar Mahalle Muhtar\u0131 Himmet \u0130zmir, Devecilik K\u00fclt\u00fcr\u00fc ve Deve G\u00fcre\u015fleri Federasyonu&#8230;<\/p>\n","protected":false},"author":1,"featured_media":85389,"comment_status":"open","ping_status":"open","sticky":false,"template":"","format":"standard","meta":{"_crdt_document":"","footnotes":""},"categories":[1],"tags":[],"class_list":["post-85388","post","type-post","status-publish","format-standard","has-post-thumbnail","hentry","category-guncel"],"_links":{"self":[{"href":"https:\/\/www.egemtv.com\/index.php?rest_route=\/wp\/v2\/posts\/85388","targetHints":{"allow":["GET"]}}],"collection":[{"href":"https:\/\/www.egemtv.com\/index.php?rest_route=\/wp\/v2\/posts"}],"about":[{"href":"https:\/\/www.egemtv.com\/index.php?rest_route=\/wp\/v2\/types\/post"}],"author":[{"embeddable":true,"href":"https:\/\/www.egemtv.com\/index.php?rest_route=\/wp\/v2\/users\/1"}],"replies":[{"embeddable":true,"href":"https:\/\/www.egemtv.com\/index.php?rest_route=%2Fwp%2Fv2%2Fcomments&post=85388"}],"version-history":[{"count":1,"href":"https:\/\/www.egemtv.com\/index.php?rest_route=\/wp\/v2\/posts\/85388\/revisions"}],"predecessor-version":[{"id":85390,"href":"https:\/\/www.egemtv.com\/index.php?rest_route=\/wp\/v2\/posts\/85388\/revisions\/85390"}],"wp:featuredmedia":[{"embeddable":true,"href":"https:\/\/www.egemtv.com\/index.php?rest_route=\/wp\/v2\/media\/85389"}],"wp:attachment":[{"href":"https:\/\/www.egemtv.com\/index.php?rest_route=%2Fwp%2Fv2%2Fmedia&parent=85388"}],"wp:term":[{"taxonomy":"category","embeddable":true,"href":"https:\/\/www.egemtv.com\/index.php?rest_route=%2Fwp%2Fv2%2Fcategories&post=85388"},{"taxonomy":"post_tag","embeddable":true,"href":"https:\/\/www.egemtv.com\/index.php?rest_route=%2Fwp%2Fv2%2Ftags&post=85388"}],"curies":[{"name":"wp","href":"https:\/\/api.w.org\/{rel}","templated":true}]}}