{"id":85385,"date":"2026-02-04T16:36:02","date_gmt":"2026-02-04T13:36:02","guid":{"rendered":"https:\/\/www.egemtv.com\/?p=85385"},"modified":"2026-02-04T16:36:03","modified_gmt":"2026-02-04T13:36:03","slug":"emekli-polis-catidan-duserek-hayatini-kaybetti","status":"publish","type":"post","link":"https:\/\/www.egemtv.com\/?p=85385","title":{"rendered":"Emekli polis \u00e7at\u0131dan d\u00fc\u015ferek hayat\u0131n\u0131 kaybetti"},"content":{"rendered":"<p>Denizli\u2019nin Merkezefendi il\u00e7esinde evinin \u00e7at\u0131s\u0131na televizyon antenini tamir etmek i\u00e7in \u00e7\u0131kan emekli polis Ahmet \u00d6zt\u00fcrk, dengesini kaybederek d\u00fc\u015fmesi sonucu a\u011f\u0131r yaraland\u0131. Hastaneye kald\u0131r\u0131lan \u00d6zt\u00fcrk, yap\u0131lan t\u00fcm m\u00fcdahalelere ra\u011fmen kurtar\u0131lamad\u0131.<\/p>\n<p>Olay, Denizli\u2019nin Merkezefendi il\u00e7esi Halla\u00e7lar Mahallesi 3008\/6 Sokak\u2019ta sabah 09.30 s\u0131ralar\u0131nda meydana geldi. Edinilen bilgiye g\u00f6re, emekli polis oldu\u011fu \u00f6\u011frenilen Ahmet \u00d6zt\u00fcrk (62), ikamet etti\u011fi 2 katl\u0131 binan\u0131n \u00e7at\u0131s\u0131ndaki televizyon antenini tamir etmek i\u00e7in \u00e7at\u0131ya \u00e7\u0131kt\u0131. \u00c7al\u0131\u015fma s\u0131ras\u0131nda dengesini kaybeden \u00d6zt\u00fcrk, bir anda a\u015fa\u011f\u0131ya d\u00fc\u015ferek a\u011f\u0131r yaraland\u0131. Durumu g\u00f6ren yak\u0131nlar\u0131 ve \u00e7evredekilerin ihbar\u0131 \u00fczerine olay yerine sa\u011fl\u0131k ekipleri sevk edildi. \u0130lk m\u00fcdahalesi olay yerinde yap\u0131lan \u00d6zt\u00fcrk, ambulansla Denizli Servergazi Devlet Hastanesi\u2019ne kald\u0131r\u0131ld\u0131. Hastanede doktorlar\u0131n t\u00fcm \u00e7abalar\u0131na ra\u011fmen Ahmet \u00d6zt\u00fcrk kurtar\u0131lamayarak hayat\u0131n\u0131 kaybetti. Ahmet \u00d6zt\u00fcrk\u2019\u00fcn cenazesi otopsi yap\u0131lmak \u00fczerine adli t\u0131p kurumu morguna kald\u0131r\u0131ld\u0131.<\/p>\n<p>I\u011fd\u0131r \u0130l Emniyet M\u00fcd\u00fcrl\u00fc\u011f\u00fcnden emekli polis memuru oldu\u011fu \u00f6\u011frenilen  Ahmet \u00d6zt\u00fcrk 05 \u015eubat Per\u015fembe g\u00fcn\u00fc \u00f6\u011flen namaz\u0131na m\u00fcteakip Halla\u00e7lar camiinde  k\u0131l\u0131nacak olan cenaze namaz\u0131n\u0131n ard\u0131ndan Halla\u00e7lar mezarl\u0131\u011f\u0131na defin edilecek.<\/p>\n<p>Olayla ilgili soru\u015fturma ba\u015flat\u0131ld\u0131.<br \/><\/p>\n","protected":false},"excerpt":{"rendered":"<p>Denizli\u2019nin Merkezefendi il\u00e7esinde evinin \u00e7at\u0131s\u0131na televizyon antenini tamir etmek i\u00e7in \u00e7\u0131kan emekli polis Ahmet \u00d6zt\u00fcrk, dengesini kaybederek d\u00fc\u015fmesi sonucu a\u011f\u0131r yaraland\u0131. Hastaneye kald\u0131r\u0131lan \u00d6zt\u00fcrk, yap\u0131lan t\u00fcm m\u00fcdahalelere ra\u011fmen kurtar\u0131lamad\u0131. Olay, Denizli\u2019nin Merkezefendi il\u00e7esi Halla\u00e7lar Mahallesi 3008\/6 Sokak\u2019ta sabah 09.30 s\u0131ralar\u0131nda meydana geldi. Edinilen bilgiye g\u00f6re, emekli polis oldu\u011fu \u00f6\u011frenilen Ahmet \u00d6zt\u00fcrk (62), ikamet etti\u011fi 2&#8230;<\/p>\n","protected":false},"author":1,"featured_media":85386,"comment_status":"open","ping_status":"open","sticky":false,"template":"","format":"standard","meta":{"_crdt_document":"","footnotes":""},"categories":[5],"tags":[],"class_list":["post-85385","post","type-post","status-publish","format-standard","has-post-thumbnail","hentry","category-asayis"],"_links":{"self":[{"href":"https:\/\/www.egemtv.com\/index.php?rest_route=\/wp\/v2\/posts\/85385","targetHints":{"allow":["GET"]}}],"collection":[{"href":"https:\/\/www.egemtv.com\/index.php?rest_route=\/wp\/v2\/posts"}],"about":[{"href":"https:\/\/www.egemtv.com\/index.php?rest_route=\/wp\/v2\/types\/post"}],"author":[{"embeddable":true,"href":"https:\/\/www.egemtv.com\/index.php?rest_route=\/wp\/v2\/users\/1"}],"replies":[{"embeddable":true,"href":"https:\/\/www.egemtv.com\/index.php?rest_route=%2Fwp%2Fv2%2Fcomments&post=85385"}],"version-history":[{"count":1,"href":"https:\/\/www.egemtv.com\/index.php?rest_route=\/wp\/v2\/posts\/85385\/revisions"}],"predecessor-version":[{"id":85387,"href":"https:\/\/www.egemtv.com\/index.php?rest_route=\/wp\/v2\/posts\/85385\/revisions\/85387"}],"wp:featuredmedia":[{"embeddable":true,"href":"https:\/\/www.egemtv.com\/index.php?rest_route=\/wp\/v2\/media\/85386"}],"wp:attachment":[{"href":"https:\/\/www.egemtv.com\/index.php?rest_route=%2Fwp%2Fv2%2Fmedia&parent=85385"}],"wp:term":[{"taxonomy":"category","embeddable":true,"href":"https:\/\/www.egemtv.com\/index.php?rest_route=%2Fwp%2Fv2%2Fcategories&post=85385"},{"taxonomy":"post_tag","embeddable":true,"href":"https:\/\/www.egemtv.com\/index.php?rest_route=%2Fwp%2Fv2%2Ftags&post=85385"}],"curies":[{"name":"wp","href":"https:\/\/api.w.org\/{rel}","templated":true}]}}