{"id":85382,"date":"2026-02-04T16:35:59","date_gmt":"2026-02-04T13:35:59","guid":{"rendered":"https:\/\/www.egemtv.com\/?p=85382"},"modified":"2026-02-04T16:36:01","modified_gmt":"2026-02-04T13:36:01","slug":"ege-denizinde-kuvvetli-firtina-uyarisi","status":"publish","type":"post","link":"https:\/\/www.egemtv.com\/?p=85382","title":{"rendered":"Ege Denizi\u2019nde kuvvetli f\u0131rt\u0131na uyar\u0131s\u0131"},"content":{"rendered":"<p>Ege Denizi\u2019nde yar\u0131n sabah saatlerinden itibaren r\u00fczgar\u0131n kuvvetli f\u0131rt\u0131na \u015feklinde esmesi bekleniyor.<\/p>\n<p>Meteoroloji 2. B\u00f6lge M\u00fcd\u00fcrl\u00fc\u011f\u00fc B\u00f6lge Tahmin ve Erken Uyar\u0131 Merkezi taraf\u0131ndan yap\u0131lan a\u00e7\u0131klamada, &#8220;Ege Denizinde r\u00fczgar\u0131n, 5 \u015eubat 2026 (Per\u015fembe) g\u00fcn\u00fc ilk saatlerden itibaren g\u00fcneyli y\u00f6nlerden 6 ila 8, yer yer 9 kuvvetinde (50-75 km\/saat, yer yer 90 km\/saat) kuvvetli f\u0131rt\u0131na \u015feklinde esece\u011fi tahmin ediliyor. F\u0131rt\u0131nan\u0131n, ayn\u0131 g\u00fcn ak\u015fam saatlerinden sonra etkisini kaybetmesi beklenmektedir&#8221; ifadeleri yer ald\u0131.<br \/><\/p>\n","protected":false},"excerpt":{"rendered":"<p>Ege Denizi\u2019nde yar\u0131n sabah saatlerinden itibaren r\u00fczgar\u0131n kuvvetli f\u0131rt\u0131na \u015feklinde esmesi bekleniyor. Meteoroloji 2. B\u00f6lge M\u00fcd\u00fcrl\u00fc\u011f\u00fc B\u00f6lge Tahmin ve Erken Uyar\u0131 Merkezi taraf\u0131ndan yap\u0131lan a\u00e7\u0131klamada, &#8220;Ege Denizinde r\u00fczgar\u0131n, 5 \u015eubat 2026 (Per\u015fembe) g\u00fcn\u00fc ilk saatlerden itibaren g\u00fcneyli y\u00f6nlerden 6 ila 8, yer yer 9 kuvvetinde (50-75 km\/saat, yer yer 90 km\/saat) kuvvetli f\u0131rt\u0131na \u015feklinde esece\u011fi&#8230;<\/p>\n","protected":false},"author":1,"featured_media":85383,"comment_status":"open","ping_status":"open","sticky":false,"template":"","format":"standard","meta":{"_crdt_document":"","footnotes":""},"categories":[1],"tags":[],"class_list":["post-85382","post","type-post","status-publish","format-standard","has-post-thumbnail","hentry","category-guncel"],"_links":{"self":[{"href":"https:\/\/www.egemtv.com\/index.php?rest_route=\/wp\/v2\/posts\/85382","targetHints":{"allow":["GET"]}}],"collection":[{"href":"https:\/\/www.egemtv.com\/index.php?rest_route=\/wp\/v2\/posts"}],"about":[{"href":"https:\/\/www.egemtv.com\/index.php?rest_route=\/wp\/v2\/types\/post"}],"author":[{"embeddable":true,"href":"https:\/\/www.egemtv.com\/index.php?rest_route=\/wp\/v2\/users\/1"}],"replies":[{"embeddable":true,"href":"https:\/\/www.egemtv.com\/index.php?rest_route=%2Fwp%2Fv2%2Fcomments&post=85382"}],"version-history":[{"count":1,"href":"https:\/\/www.egemtv.com\/index.php?rest_route=\/wp\/v2\/posts\/85382\/revisions"}],"predecessor-version":[{"id":85384,"href":"https:\/\/www.egemtv.com\/index.php?rest_route=\/wp\/v2\/posts\/85382\/revisions\/85384"}],"wp:featuredmedia":[{"embeddable":true,"href":"https:\/\/www.egemtv.com\/index.php?rest_route=\/wp\/v2\/media\/85383"}],"wp:attachment":[{"href":"https:\/\/www.egemtv.com\/index.php?rest_route=%2Fwp%2Fv2%2Fmedia&parent=85382"}],"wp:term":[{"taxonomy":"category","embeddable":true,"href":"https:\/\/www.egemtv.com\/index.php?rest_route=%2Fwp%2Fv2%2Fcategories&post=85382"},{"taxonomy":"post_tag","embeddable":true,"href":"https:\/\/www.egemtv.com\/index.php?rest_route=%2Fwp%2Fv2%2Ftags&post=85382"}],"curies":[{"name":"wp","href":"https:\/\/api.w.org\/{rel}","templated":true}]}}