{"id":85331,"date":"2026-02-04T14:14:48","date_gmt":"2026-02-04T11:14:48","guid":{"rendered":"https:\/\/www.egemtv.com\/?p=85331"},"modified":"2026-02-04T14:14:49","modified_gmt":"2026-02-04T11:14:49","slug":"seydikemerde-baskan-akdenizli-cocuklarin-hayalini-gerceklestirdi","status":"publish","type":"post","link":"https:\/\/www.egemtv.com\/?p=85331","title":{"rendered":"Seydikemer\u2019de Ba\u015fkan Akdenizli, \u00e7ocuklar\u0131n hayalini ger\u00e7ekle\u015ftirdi"},"content":{"rendered":"<p>Mu\u011fla\u2019n\u0131n Seydikemer il\u00e7esinde Belediye Ba\u015fkan\u0131 B.\u00d6nder Akdenizli, k\u00fc\u00e7\u00fck \u00e7ocu\u011fun kar oynama iste\u011fini yerine getirdi.<\/p>\n<p>K\u00fc\u00e7\u00fck ya\u015fta babas\u0131n\u0131 kaybeden \u015eehit G\u00fcrcan Akan \u0130lkokulu 4. s\u0131n\u0131f \u00f6\u011frencisi Mesut Emir I\u015f\u0131kl\u0131, &#8220;Babam sa\u011f olsayd\u0131, beni kar ya\u011fd\u0131\u011f\u0131nda kar oynamaya g\u00f6t\u00fcr\u00fcrd\u00fc. Ama babam\u0131n yerine \u00d6nder amcam var. Belki o beni kar oynamaya g\u00f6t\u00fcremez ama kar\u0131 buraya getirir&#8221; s\u00f6zleri, Seydikemer\u2019de duyguland\u0131ran bir kar\u015f\u0131l\u0131k buldu.<\/p>\n<p>Seydikemer Belediye Ba\u015fkan\u0131 B. \u00d6nder Akdenizli, Mesut Emir\u2019in mesaj\u0131n\u0131n ard\u0131ndan Belediye Fen \u0130\u015fleri M\u00fcd\u00fcrl\u00fc\u011f\u00fc ekiplerine talimat vererek, il\u00e7enin y\u00fcksek rak\u0131ml\u0131 b\u00f6lgelerinde ya\u011fan kar\u0131n kamyonlarla okul bah\u00e7esine getirilmesini sa\u011flad\u0131. Okul bah\u00e7esini beyaza b\u00fcr\u00fcyen kar s\u00fcrpriziyle b\u00fcy\u00fck sevin\u00e7 ya\u015fayan Mesut Emir ve di\u011fer \u00f6\u011frenciler, Ba\u015fkan Akdenizli ile birlikte kar topu oynay\u0131p e\u011flenceli anlar ya\u015fad\u0131.<\/p>\n<p>Ba\u015fkan Akdenizli, etkinlik s\u0131ras\u0131nda yapt\u0131\u011f\u0131 a\u00e7\u0131klamada, &#8220;Mesut Emir\u2019in s\u00f6zleri hepimizi \u00e7ok etkiledi. \u00c7ocuklar\u0131m\u0131z\u0131n y\u00fcz\u00fcnde bir tebess\u00fcm g\u00f6rebilmek bizim i\u00e7in her \u015feye de\u011fer. Onlar\u0131n hayallerine dokunmak, g\u00fczel hat\u0131ralar biriktirmelerine vesile olmak istiyoruz. Bug\u00fcn burada sadece kar getirmedik; \u00e7ocuklar\u0131m\u0131z\u0131n mutlulu\u011funu, karde\u015fli\u011fini ve umutlar\u0131n\u0131 b\u00fcy\u00fctt\u00fck. T\u00fcm evlatlar\u0131m\u0131z\u0131n her zaman yan\u0131nday\u0131z&#8221; dedi.<br \/><\/p>\n","protected":false},"excerpt":{"rendered":"<p>Mu\u011fla\u2019n\u0131n Seydikemer il\u00e7esinde Belediye Ba\u015fkan\u0131 B.\u00d6nder Akdenizli, k\u00fc\u00e7\u00fck \u00e7ocu\u011fun kar oynama iste\u011fini yerine getirdi. K\u00fc\u00e7\u00fck ya\u015fta babas\u0131n\u0131 kaybeden \u015eehit G\u00fcrcan Akan \u0130lkokulu 4. s\u0131n\u0131f \u00f6\u011frencisi Mesut Emir I\u015f\u0131kl\u0131, &#8220;Babam sa\u011f olsayd\u0131, beni kar ya\u011fd\u0131\u011f\u0131nda kar oynamaya g\u00f6t\u00fcr\u00fcrd\u00fc. Ama babam\u0131n yerine \u00d6nder amcam var. Belki o beni kar oynamaya g\u00f6t\u00fcremez ama kar\u0131 buraya getirir&#8221; s\u00f6zleri, Seydikemer\u2019de&#8230;<\/p>\n","protected":false},"author":1,"featured_media":85332,"comment_status":"open","ping_status":"open","sticky":false,"template":"","format":"standard","meta":{"_crdt_document":"","footnotes":""},"categories":[1],"tags":[],"class_list":["post-85331","post","type-post","status-publish","format-standard","has-post-thumbnail","hentry","category-guncel"],"_links":{"self":[{"href":"https:\/\/www.egemtv.com\/index.php?rest_route=\/wp\/v2\/posts\/85331","targetHints":{"allow":["GET"]}}],"collection":[{"href":"https:\/\/www.egemtv.com\/index.php?rest_route=\/wp\/v2\/posts"}],"about":[{"href":"https:\/\/www.egemtv.com\/index.php?rest_route=\/wp\/v2\/types\/post"}],"author":[{"embeddable":true,"href":"https:\/\/www.egemtv.com\/index.php?rest_route=\/wp\/v2\/users\/1"}],"replies":[{"embeddable":true,"href":"https:\/\/www.egemtv.com\/index.php?rest_route=%2Fwp%2Fv2%2Fcomments&post=85331"}],"version-history":[{"count":1,"href":"https:\/\/www.egemtv.com\/index.php?rest_route=\/wp\/v2\/posts\/85331\/revisions"}],"predecessor-version":[{"id":85333,"href":"https:\/\/www.egemtv.com\/index.php?rest_route=\/wp\/v2\/posts\/85331\/revisions\/85333"}],"wp:featuredmedia":[{"embeddable":true,"href":"https:\/\/www.egemtv.com\/index.php?rest_route=\/wp\/v2\/media\/85332"}],"wp:attachment":[{"href":"https:\/\/www.egemtv.com\/index.php?rest_route=%2Fwp%2Fv2%2Fmedia&parent=85331"}],"wp:term":[{"taxonomy":"category","embeddable":true,"href":"https:\/\/www.egemtv.com\/index.php?rest_route=%2Fwp%2Fv2%2Fcategories&post=85331"},{"taxonomy":"post_tag","embeddable":true,"href":"https:\/\/www.egemtv.com\/index.php?rest_route=%2Fwp%2Fv2%2Ftags&post=85331"}],"curies":[{"name":"wp","href":"https:\/\/api.w.org\/{rel}","templated":true}]}}