{"id":85328,"date":"2026-02-04T14:14:47","date_gmt":"2026-02-04T11:14:47","guid":{"rendered":"https:\/\/www.egemtv.com\/?p=85328"},"modified":"2026-02-04T14:14:48","modified_gmt":"2026-02-04T11:14:48","slug":"denizlide-sehit-aileleri-ve-gaziler-onuruna-program-duzenlendi","status":"publish","type":"post","link":"https:\/\/www.egemtv.com\/?p=85328","title":{"rendered":"Denizli\u2019de \u015fehit aileleri ve gaziler onuruna program d\u00fczenlendi"},"content":{"rendered":"<p>Denizli\u2019de, \u015fehit aileleri ve gaziler onuruna anlaml\u0131 bir program d\u00fczenlendi. Denizli Valisi Yavuz Selim K\u00f6\u015fger\u2019in ev sahipli\u011finde, AK Parti Genel Ba\u015fkan Yard\u0131mc\u0131lar\u0131 Nihat Zeybekci ve Dr. Fatma Bet\u00fcl Sayan Kaya\u2019n\u0131n kat\u0131l\u0131m\u0131yla ger\u00e7ekle\u015ftirilen programda &#8220;Ter\u00f6rs\u00fcz T\u00fcrkiye&#8221; vurgusu yap\u0131ld\u0131; \u015fehitlerin aziz hat\u0131ras\u0131 rahmetle an\u0131l\u0131rken birlik ve beraberlik mesajlar\u0131 verildi.<br \/>\n<br \/>Denizli Valisi Yavuz Selim K\u00f6\u015fger; AK Parti Genel Ba\u015fkan Yard\u0131mc\u0131s\u0131 ve Ekonomi \u0130\u015fleri Ba\u015fkan\u0131 Say\u0131n Nihat Zeybekci ile AK Parti Genel Ba\u015fkan Yard\u0131mc\u0131s\u0131 ve Sosyal Politikalar Ba\u015fkan\u0131 Say\u0131n Dr. Fatma Bet\u00fcl Sayan Kaya\u2019n\u0131n te\u015frifleriyle, il protokol\u00fcn\u00fcn kat\u0131l\u0131m\u0131yla Denizli Aile ve Sosyal Hizmetler \u0130l M\u00fcd\u00fcrl\u00fc\u011f\u00fc ev sahipli\u011finde, \u015fehit aileleri ve gazilerimiz onuruna d\u00fczenlenen programa kat\u0131ld\u0131.<br \/>\n<br \/>Ahmet Sar\u0131kaya\u2019n\u0131n seslendirdi\u011fi Kur\u2019an til\u00e2veti ve \u0130l M\u00fcft\u00fcs\u00fc Abdullah Pamuklu\u2019nun duas\u0131yla ba\u015flayan programda birer konu\u015fma yapan \u00f6nceki d\u00f6nem Ekonomi Bakan\u0131 Say\u0131n Nihat Zeybekci ile \u00f6nceki d\u00f6nem Aile ve Sosyal Hizmetler Bakan\u0131 Say\u0131n Dr. Fatma Bet\u00fcl Sayan Kaya &#8220;Ter\u00f6rs\u00fcz T\u00fcrkiye&#8221; hedefinin \u00f6nemine dikkat \u00e7ekerek, birlik ve beraberlik vurgusu yapt\u0131.<\/p>\n<p>Ter\u00f6rs\u00fcz t\u00fcrkiye vurgusu<br \/>\n<br \/>Programda AK Parti Genel Ba\u015fkan Yard\u0131mc\u0131s\u0131 ve Ekonomi \u0130\u015fleri Ba\u015fkan\u0131 Say\u0131n Nihat Zeybekci ile AK Parti Genel Ba\u015fkan Yard\u0131mc\u0131s\u0131 ve Sosyal Politikalar Ba\u015fkan\u0131 Say\u0131n Dr. Fatma Bet\u00fcl Sayan Kaya; &#8220;Ter\u00f6rs\u00fcz T\u00fcrkiye&#8221; hedefinin \u00f6nemine vurgu yapt\u0131. Konu\u015fmalar\u0131nda medeniyetimizin; ahl\u00e2k, k\u00fclt\u00fcr, dayan\u0131\u015fma, birlik, beraberlik, sevgi ve karde\u015flikle \u00f6r\u00fcl\u00fc oldu\u011funu ve her zaman \u015fehit, gazi ailelerinin yan\u0131nda olacaklar\u0131n\u0131 belirterek bunun teminat\u0131n\u0131n Cumhurba\u015fkan\u0131m\u0131z Say\u0131n Recep Tayyip Erdo\u011fan oldu\u011funu ifade ettiler.<br \/>\n<br \/>&#8220;Denizli\u2019de ikinci toplant\u0131m\u0131 \u015fehit ailelerimiz ve gazilerimizle yap\u0131yorum&#8221;<br \/>\n<br \/>Program kapsam\u0131nda konu\u015fan Vali K\u00f6\u015fger, Denizli\u2019de kat\u0131ld\u0131\u011f\u0131 ikinci toplant\u0131n\u0131n \u015fehit aileleri ve kahraman gazilerimizle olmas\u0131ndan duydu\u011fu memnuniyeti dile getirerek, bunun Denizli\u2019de hizmetlerin g\u00f6n\u00fcl g\u00f6n\u00fcle, el ele devam edece\u011finin bir i\u015fareti olarak de\u011ferlendirdi. \u00c7al\u0131\u015ft\u0131\u011f\u0131 alt\u0131nc\u0131 g\u00fczel \u015fehir olan Denizli\u2019de, hizmetlerini ta\u00e7land\u0131raca\u011f\u0131na dair g\u00fc\u00e7l\u00fc emareler ald\u0131\u011f\u0131n\u0131 ifade etti.<\/p>\n<p>&#8220;\u015eehitlerimiz en k\u0131ymetli de\u011ferlerimizdir&#8221;<br \/>\n<br \/>Vali K\u00f6\u015fger konu\u015fmas\u0131nda \u015fu ifadelere yer verdi: &#8220;\u015eehitlerimiz bizlerin en k\u0131ymetli de\u011ferleridir. Devletimiz ve Say\u0131n Cumhurba\u015fkan\u0131m\u0131z sizlere b\u00fcy\u00fck \u00f6nem vermektedir. \u0130ki deneyimli bakan\u0131m\u0131z\u0131n te\u015frifleriyle ilimizde bu program\u0131n d\u00fczenlenmesi de h\u00fck\u00fcmetimizin sizlere verdi\u011fi de\u011ferin a\u00e7\u0131k bir g\u00f6stergesidir. Bizlere bu topraklar\u0131 vatan k\u0131lan aziz \u015fehitlerimizi rahmetle, \u015f\u00fckranla ve minnetle y\u00e2d ediyorum.&#8221;<\/p>\n<p>&#8220;Bu topraklarda var olman\u0131n bir bedeli vard\u0131r&#8221;<br \/>\n<br \/>D\u00fcnyan\u0131n en g\u00fczel co\u011frafyalar\u0131ndan birinde ya\u015fad\u0131\u011f\u0131m\u0131z\u0131 vurgulayan Vali K\u00f6\u015fger, bu co\u011frafyada var olman\u0131n ve varl\u0131\u011f\u0131 s\u00fcrd\u00fcrmenin her zaman bir bedeli oldu\u011funu ifade ederek, bin y\u0131ld\u0131r bu topraklarda var olmam\u0131z\u0131n en b\u00fcy\u00fck sebebinin \u015fehitlerimiz oldu\u011funu dile getirdi. Konu\u015fmas\u0131n\u0131n devam\u0131nda, vatan, bayrak ve mukaddesat u\u011fruna can\u0131n\u0131 feda etmeyi g\u00f6ze alan \u015fehitler sayesinde bu topraklarda var olundu\u011funu hat\u0131rlatan Vali K\u00f6\u015fger, &#8220;Bu ruh bu memlekette oldu\u011fu s\u00fcrece, bu vatan ve bu co\u011frafya bizim olacakt\u0131r.&#8221; dedi.<\/p>\n<p>&#8220;T\u00fcrkiye D\u00fcnyan\u0131n y\u00fckselen y\u0131ld\u0131z\u0131 olacak&#8221;<br \/>\n<br \/>Birlik ve beraberli\u011fe y\u00f6nelik tehditlere de de\u011finen Vali K\u00f6\u015fger, \u015fehitlerimizin ve gazilerimizin her zaman ba\u015f tac\u0131 oldu\u011funu belirterek; T\u00fcrkiye\u2019ye y\u00f6nelik kumpaslar\u0131n ge\u00e7mi\u015fte oldu\u011fu gibi bug\u00fcn de bo\u015fa \u00e7\u0131kar\u0131ld\u0131\u011f\u0131n\u0131 ifade etti. &#8220;Bu g\u00fczel co\u011frafyaya kurulan kumpaslar karde\u015fi karde\u015fe k\u0131rd\u0131rmak, bize tek cephede diz \u00e7\u00f6kt\u00fcremeyeceklerini biliyorlar.  M\u00fcsl\u00fcman\u2019\u0131 M\u00fcsl\u00fcmana, T\u00fcrk\u00fc K\u00fcrde k\u0131rd\u0131rd\u0131lar; kendi i\u00e7lerinden dev\u015firdikleri insanlarla bizi dize getirmeyi 15 Temmuz\u2019da oldu\u011fu gibi hesap ettiler. Onlar\u0131n bir hesab\u0131 varsa Allah\u2019\u0131n da bir hesab\u0131 var ve hepsinin \u00fcst\u00fcnde. Allah\u2019\u0131n izniyle b\u00fct\u00fcn badireleri a\u015f\u0131yoruz. T\u00fcrkiye\u2019nin \u00f6n\u00fc a\u00e7\u0131k; T\u00fcrkiye, d\u00fcnyan\u0131n y\u00fckselen y\u0131ld\u0131z\u0131 olacak.&#8221; diyen Vali K\u00f6\u015fger, T\u00fcrkiye\u2019nin t\u00fcm badireleri Allah\u2019\u0131n izniyle a\u015fmaya devam etti\u011fini vurgulad\u0131 ve T\u00fcrkiye\u2019nin \u00f6n\u00fcn\u00fcn a\u00e7\u0131k, gelece\u011finin parlak ve d\u00fcnyan\u0131n y\u00fckselen yeni y\u0131ld\u0131z\u0131 olaca\u011f\u0131n\u0131 dile getirdi.<br \/>\n<br \/>Vali Yavuz Selim K\u00f6\u015fger, her zaman yanlar\u0131nda olduklar\u0131n\u0131 ifade etti\u011fi \u015fehit aileleri ve gazilerimizin taleplerini dinleyerek kendileriyle hasbih\u00e2l etti; program, samimi bulu\u015fman\u0131n ard\u0131ndan sona erdi.<br \/><\/p>\n","protected":false},"excerpt":{"rendered":"<p>Denizli\u2019de, \u015fehit aileleri ve gaziler onuruna anlaml\u0131 bir program d\u00fczenlendi. Denizli Valisi Yavuz Selim K\u00f6\u015fger\u2019in ev sahipli\u011finde, AK Parti Genel Ba\u015fkan Yard\u0131mc\u0131lar\u0131 Nihat Zeybekci ve Dr. Fatma Bet\u00fcl Sayan Kaya\u2019n\u0131n kat\u0131l\u0131m\u0131yla ger\u00e7ekle\u015ftirilen programda &#8220;Ter\u00f6rs\u00fcz T\u00fcrkiye&#8221; vurgusu yap\u0131ld\u0131; \u015fehitlerin aziz hat\u0131ras\u0131 rahmetle an\u0131l\u0131rken birlik ve beraberlik mesajlar\u0131 verildi. Denizli Valisi Yavuz Selim K\u00f6\u015fger; AK Parti Genel&#8230;<\/p>\n","protected":false},"author":1,"featured_media":85329,"comment_status":"open","ping_status":"open","sticky":false,"template":"","format":"standard","meta":{"_crdt_document":"","footnotes":""},"categories":[123],"tags":[],"class_list":["post-85328","post","type-post","status-publish","format-standard","has-post-thumbnail","hentry","category-gundem"],"_links":{"self":[{"href":"https:\/\/www.egemtv.com\/index.php?rest_route=\/wp\/v2\/posts\/85328","targetHints":{"allow":["GET"]}}],"collection":[{"href":"https:\/\/www.egemtv.com\/index.php?rest_route=\/wp\/v2\/posts"}],"about":[{"href":"https:\/\/www.egemtv.com\/index.php?rest_route=\/wp\/v2\/types\/post"}],"author":[{"embeddable":true,"href":"https:\/\/www.egemtv.com\/index.php?rest_route=\/wp\/v2\/users\/1"}],"replies":[{"embeddable":true,"href":"https:\/\/www.egemtv.com\/index.php?rest_route=%2Fwp%2Fv2%2Fcomments&post=85328"}],"version-history":[{"count":1,"href":"https:\/\/www.egemtv.com\/index.php?rest_route=\/wp\/v2\/posts\/85328\/revisions"}],"predecessor-version":[{"id":85330,"href":"https:\/\/www.egemtv.com\/index.php?rest_route=\/wp\/v2\/posts\/85328\/revisions\/85330"}],"wp:featuredmedia":[{"embeddable":true,"href":"https:\/\/www.egemtv.com\/index.php?rest_route=\/wp\/v2\/media\/85329"}],"wp:attachment":[{"href":"https:\/\/www.egemtv.com\/index.php?rest_route=%2Fwp%2Fv2%2Fmedia&parent=85328"}],"wp:term":[{"taxonomy":"category","embeddable":true,"href":"https:\/\/www.egemtv.com\/index.php?rest_route=%2Fwp%2Fv2%2Fcategories&post=85328"},{"taxonomy":"post_tag","embeddable":true,"href":"https:\/\/www.egemtv.com\/index.php?rest_route=%2Fwp%2Fv2%2Ftags&post=85328"}],"curies":[{"name":"wp","href":"https:\/\/api.w.org\/{rel}","templated":true}]}}