{"id":85325,"date":"2026-02-04T13:54:46","date_gmt":"2026-02-04T10:54:46","guid":{"rendered":"https:\/\/www.egemtv.com\/?p=85325"},"modified":"2026-02-04T13:54:46","modified_gmt":"2026-02-04T10:54:46","slug":"yunusemre-belediyesinden-vatandaslara-ramazan-destegi","status":"publish","type":"post","link":"https:\/\/www.egemtv.com\/?p=85325","title":{"rendered":"Yunusemre Belediyesinden vatanda\u015flara Ramazan deste\u011fi"},"content":{"rendered":"<p>Yunusemre Belediyesi, Ramazan ay\u0131nda dar gelirli ve dezavantajl\u0131 vatanda\u015flara nakdi yard\u0131mda bulunacak.<br \/>\n<br \/>Yunusemre Belediyesi\u2019nin \u015fubat ay\u0131 meclis toplant\u0131s\u0131, Belediye Ba\u015fkan\u0131 Semih Balaban ba\u015fkanl\u0131\u011f\u0131nda Ferdi Zeyrek Millet \u00c7ar\u015f\u0131s\u0131 \u0130smail Hakk\u0131 Tongu\u00e7 Konferans Salonu\u2019nda ger\u00e7ekle\u015ftirildi. Toplam 35 maddenin g\u00f6r\u00fc\u015f\u00fcld\u00fc\u011f\u00fc toplant\u0131da, Temizlik \u0130\u015fleri M\u00fcd\u00fcrl\u00fc\u011f\u00fc\u2019ne mali imk\u00e2nlar\u0131n yetersiz olmas\u0131 nedeniyle temin edilemeyen ekipmanlar\u0131n sat\u0131n al\u0131nabilmesi i\u00e7in \u00c7evre, \u015eehircilik ve \u0130klim De\u011fi\u015fikli\u011fi Bakanl\u0131\u011f\u0131\u2019n\u0131n uygun g\u00f6rd\u00fc\u011f\u00fc miktarda \u015fartl\u0131 nakdi yard\u0131m talebinde bulunulmas\u0131 g\u00fcndeme al\u0131nd\u0131. \u0130lgili madde oy birli\u011fiyle kabul edildi. Toplant\u0131da ayr\u0131ca Ramazan ay\u0131nda dar gelirli, ihtiya\u00e7 sahibi ve dezavantajl\u0131 vatanda\u015flara destek sa\u011flamak amac\u0131yla ailelere nakdi yard\u0131m yap\u0131lmas\u0131 i\u00e7in kampanya d\u00fczenlenmesi ve \u015fartl\u0131 ba\u011f\u0131\u015flar\u0131n kabul\u00fc amac\u0131yla olu\u015fturulan komisyonda ilgili m\u00fcd\u00fcrlerin g\u00f6revlendirilmesi de g\u00f6r\u00fc\u015f\u00fcld\u00fc. Maddeye ili\u015fkin meclis \u00fcyelerini bilgilendiren Ba\u015fkan Yard\u0131mc\u0131s\u0131 Efe Yakkan, bir IBAN hesab\u0131 olu\u015fturulaca\u011f\u0131n\u0131 belirterek, \u015funlar\u0131 s\u00f6yledi:<br \/>\n<br \/>&#8220;Bir IBAN hesab\u0131 olu\u015fturulacak. Akabinde meclisimizden karar ge\u00e7tikten sonra bu g\u00f6revli kurulumuz ve bu gerek\u00e7eyi sunacak raporumuzla birlikte meclis karar\u0131m\u0131z\u0131 valili\u011fimize sunaca\u011f\u0131z. E\u011fer valilik makam\u0131 da bu ba\u011f\u0131\u015f kampanyas\u0131n\u0131 uygun bulursa, buna istinaden kampanyay\u0131 Ramazan \u00f6ncesinde dezavantajl\u0131 gruplar i\u00e7in ger\u00e7ekle\u015ftirece\u011fiz. Bu g\u00f6revlendirme tamamen kanunun emretti\u011fi ve valilik makam\u0131n\u0131n onay verdi\u011fi, onlar\u0131n yol g\u00f6sterdi\u011fi \u00e7er\u00e7evede ger\u00e7ekle\u015fmi\u015ftir.&#8221;<br \/>\n<br \/>\u0130lgili madde oy \u00e7oklu\u011fuyla kabul edildi. Meclis, 2026 y\u0131l\u0131 i\u00e7erisinde amat\u00f6r spor kul\u00fcplerine nakdi yard\u0131m yap\u0131labilmesi i\u00e7in Belediye Ba\u015fkan\u0131 Semih Balaban\u2019a yetki verilmesini de oy birli\u011fiyle kabul etti.<\/p>\n<p>Tarihi kap\u0131lar devredilecek<br \/>\n<br \/>Toplant\u0131da ayr\u0131ca belediye envanterinde kay\u0131tl\u0131 bulunan el oymas\u0131 ah\u015fap kap\u0131, ah\u015fap pano, ah\u015fap tavan ve ah\u015fap kemer niteli\u011findeki tarihi eserlerin \u0130l K\u00fclt\u00fcr ve Turizm M\u00fcd\u00fcrl\u00fc\u011f\u00fc\u2019ne bedelsiz devri g\u00f6r\u00fc\u015f\u00fcld\u00fc. \u0130lgili madde oy birli\u011fiyle kabul edildi. Mart ay\u0131 meclis toplant\u0131s\u0131n\u0131n ise 3 Mart Sal\u0131 g\u00fcn\u00fc saat 17.30\u2019da Yunus Emre K\u00fclt\u00fcr Park\u0131 \u0130rfan Meclisi\u2019nde yap\u0131lmas\u0131 kararla\u015ft\u0131r\u0131ld\u0131.<br \/><\/p>\n","protected":false},"excerpt":{"rendered":"<p>Yunusemre Belediyesi, Ramazan ay\u0131nda dar gelirli ve dezavantajl\u0131 vatanda\u015flara nakdi yard\u0131mda bulunacak. Yunusemre Belediyesi\u2019nin \u015fubat ay\u0131 meclis toplant\u0131s\u0131, Belediye Ba\u015fkan\u0131 Semih Balaban ba\u015fkanl\u0131\u011f\u0131nda Ferdi Zeyrek Millet \u00c7ar\u015f\u0131s\u0131 \u0130smail Hakk\u0131 Tongu\u00e7 Konferans Salonu\u2019nda ger\u00e7ekle\u015ftirildi. Toplam 35 maddenin g\u00f6r\u00fc\u015f\u00fcld\u00fc\u011f\u00fc toplant\u0131da, Temizlik \u0130\u015fleri M\u00fcd\u00fcrl\u00fc\u011f\u00fc\u2019ne mali imk\u00e2nlar\u0131n yetersiz olmas\u0131 nedeniyle temin edilemeyen ekipmanlar\u0131n sat\u0131n al\u0131nabilmesi i\u00e7in \u00c7evre, \u015eehircilik ve&#8230;<\/p>\n","protected":false},"author":1,"featured_media":85326,"comment_status":"open","ping_status":"open","sticky":false,"template":"","format":"standard","meta":{"_crdt_document":"","footnotes":""},"categories":[127],"tags":[],"class_list":["post-85325","post","type-post","status-publish","format-standard","has-post-thumbnail","hentry","category-siyaset"],"_links":{"self":[{"href":"https:\/\/www.egemtv.com\/index.php?rest_route=\/wp\/v2\/posts\/85325","targetHints":{"allow":["GET"]}}],"collection":[{"href":"https:\/\/www.egemtv.com\/index.php?rest_route=\/wp\/v2\/posts"}],"about":[{"href":"https:\/\/www.egemtv.com\/index.php?rest_route=\/wp\/v2\/types\/post"}],"author":[{"embeddable":true,"href":"https:\/\/www.egemtv.com\/index.php?rest_route=\/wp\/v2\/users\/1"}],"replies":[{"embeddable":true,"href":"https:\/\/www.egemtv.com\/index.php?rest_route=%2Fwp%2Fv2%2Fcomments&post=85325"}],"version-history":[{"count":1,"href":"https:\/\/www.egemtv.com\/index.php?rest_route=\/wp\/v2\/posts\/85325\/revisions"}],"predecessor-version":[{"id":85327,"href":"https:\/\/www.egemtv.com\/index.php?rest_route=\/wp\/v2\/posts\/85325\/revisions\/85327"}],"wp:featuredmedia":[{"embeddable":true,"href":"https:\/\/www.egemtv.com\/index.php?rest_route=\/wp\/v2\/media\/85326"}],"wp:attachment":[{"href":"https:\/\/www.egemtv.com\/index.php?rest_route=%2Fwp%2Fv2%2Fmedia&parent=85325"}],"wp:term":[{"taxonomy":"category","embeddable":true,"href":"https:\/\/www.egemtv.com\/index.php?rest_route=%2Fwp%2Fv2%2Fcategories&post=85325"},{"taxonomy":"post_tag","embeddable":true,"href":"https:\/\/www.egemtv.com\/index.php?rest_route=%2Fwp%2Fv2%2Ftags&post=85325"}],"curies":[{"name":"wp","href":"https:\/\/api.w.org\/{rel}","templated":true}]}}