{"id":85322,"date":"2026-02-04T13:34:58","date_gmt":"2026-02-04T10:34:58","guid":{"rendered":"https:\/\/www.egemtv.com\/?p=85322"},"modified":"2026-02-04T13:34:59","modified_gmt":"2026-02-04T10:34:59","slug":"aydin-buyuksehir-cinede-mezarliklarda-onarim-ve-bakim-calismasi-gerceklestirdi","status":"publish","type":"post","link":"https:\/\/www.egemtv.com\/?p=85322","title":{"rendered":"Ayd\u0131n B\u00fcy\u00fck\u015fehir, \u00c7ine\u2019de mezarl\u0131klarda onar\u0131m ve bak\u0131m \u00e7al\u0131\u015fmas\u0131 ger\u00e7ekle\u015ftirdi"},"content":{"rendered":"<p>Ayd\u0131n\u2019\u0131n \u00c7ine il\u00e7esi Cumhuriyet Mahallesi\u2019nde ya\u015fanan sel felaketinin ard\u0131ndan zarar g\u00f6ren mezarl\u0131klarda bak\u0131m ve onar\u0131m \u00e7al\u0131\u015fmalar\u0131 tamamland\u0131.<\/p>\n<p>Yap\u0131lan \u00e7al\u0131\u015fmalarla birlikte mezarl\u0131k alanlar\u0131nda olu\u015fan hasar\u0131n giderildi\u011fi, \u00e7evre d\u00fczenlemesi ve bak\u0131m i\u015flemlerinin de tamamland\u0131\u011f\u0131 \u00f6\u011frenildi. \u00c7ine il\u00e7esi Cumhuriyet Mahallesi\u2019nde sel nedeniyle tahrip olan mezarlar\u0131n Ayd\u0131n B\u00fcy\u00fck\u015fehir Belediyesi ekiplerince onar\u0131ld\u0131\u011f\u0131n\u0131 belirten Cumhuriyet Mahalle Muhtar\u0131 Engin Ya\u015fa, y\u00fcr\u00fct\u00fclen \u00e7al\u0131\u015fmalardan duydu\u011fu memnuniyeti dile getirdi. B\u00fcy\u00fck\u015fehir Belediyesi personelinin h\u0131zl\u0131 ve titiz bir \u00e7al\u0131\u015fma ortaya koydu\u011funu ifade eden Ya\u015fa, emek veren t\u00fcm personele te\u015fekk\u00fcr etti.<br \/><\/p>\n","protected":false},"excerpt":{"rendered":"<p>Ayd\u0131n\u2019\u0131n \u00c7ine il\u00e7esi Cumhuriyet Mahallesi\u2019nde ya\u015fanan sel felaketinin ard\u0131ndan zarar g\u00f6ren mezarl\u0131klarda bak\u0131m ve onar\u0131m \u00e7al\u0131\u015fmalar\u0131 tamamland\u0131. Yap\u0131lan \u00e7al\u0131\u015fmalarla birlikte mezarl\u0131k alanlar\u0131nda olu\u015fan hasar\u0131n giderildi\u011fi, \u00e7evre d\u00fczenlemesi ve bak\u0131m i\u015flemlerinin de tamamland\u0131\u011f\u0131 \u00f6\u011frenildi. \u00c7ine il\u00e7esi Cumhuriyet Mahallesi\u2019nde sel nedeniyle tahrip olan mezarlar\u0131n Ayd\u0131n B\u00fcy\u00fck\u015fehir Belediyesi ekiplerince onar\u0131ld\u0131\u011f\u0131n\u0131 belirten Cumhuriyet Mahalle Muhtar\u0131 Engin Ya\u015fa, y\u00fcr\u00fct\u00fclen \u00e7al\u0131\u015fmalardan&#8230;<\/p>\n","protected":false},"author":1,"featured_media":85323,"comment_status":"open","ping_status":"open","sticky":false,"template":"","format":"standard","meta":{"_crdt_document":"","footnotes":""},"categories":[1],"tags":[],"class_list":["post-85322","post","type-post","status-publish","format-standard","has-post-thumbnail","hentry","category-guncel"],"_links":{"self":[{"href":"https:\/\/www.egemtv.com\/index.php?rest_route=\/wp\/v2\/posts\/85322","targetHints":{"allow":["GET"]}}],"collection":[{"href":"https:\/\/www.egemtv.com\/index.php?rest_route=\/wp\/v2\/posts"}],"about":[{"href":"https:\/\/www.egemtv.com\/index.php?rest_route=\/wp\/v2\/types\/post"}],"author":[{"embeddable":true,"href":"https:\/\/www.egemtv.com\/index.php?rest_route=\/wp\/v2\/users\/1"}],"replies":[{"embeddable":true,"href":"https:\/\/www.egemtv.com\/index.php?rest_route=%2Fwp%2Fv2%2Fcomments&post=85322"}],"version-history":[{"count":1,"href":"https:\/\/www.egemtv.com\/index.php?rest_route=\/wp\/v2\/posts\/85322\/revisions"}],"predecessor-version":[{"id":85324,"href":"https:\/\/www.egemtv.com\/index.php?rest_route=\/wp\/v2\/posts\/85322\/revisions\/85324"}],"wp:featuredmedia":[{"embeddable":true,"href":"https:\/\/www.egemtv.com\/index.php?rest_route=\/wp\/v2\/media\/85323"}],"wp:attachment":[{"href":"https:\/\/www.egemtv.com\/index.php?rest_route=%2Fwp%2Fv2%2Fmedia&parent=85322"}],"wp:term":[{"taxonomy":"category","embeddable":true,"href":"https:\/\/www.egemtv.com\/index.php?rest_route=%2Fwp%2Fv2%2Fcategories&post=85322"},{"taxonomy":"post_tag","embeddable":true,"href":"https:\/\/www.egemtv.com\/index.php?rest_route=%2Fwp%2Fv2%2Ftags&post=85322"}],"curies":[{"name":"wp","href":"https:\/\/api.w.org\/{rel}","templated":true}]}}