{"id":85319,"date":"2026-02-04T13:34:57","date_gmt":"2026-02-04T10:34:57","guid":{"rendered":"https:\/\/www.egemtv.com\/?p=85319"},"modified":"2026-02-04T13:34:58","modified_gmt":"2026-02-04T10:34:58","slug":"hisarcikta-minikler-siniflari-icin-turk-bayragini-kendi-elleri-ile-dikti","status":"publish","type":"post","link":"https:\/\/www.egemtv.com\/?p=85319","title":{"rendered":"Hisarc\u0131k\u2019ta minikler s\u0131n\u0131flar\u0131 i\u00e7in T\u00fcrk bayra\u011f\u0131n\u0131 kendi elleri ile dikti"},"content":{"rendered":"<p>K\u00fctahya\u2019n\u0131n Hisarc\u0131k il\u00e7esinde G\u00fcld\u00fcren \u0130lkokulu anas\u0131n\u0131f\u0131 \u00f6\u011frencileri, s\u0131n\u0131flar\u0131nda dalgalanacak T\u00fcrk bayra\u011f\u0131n\u0131 kendi elleriyle dikmenin heyecan\u0131n\u0131 ya\u015fad\u0131.<br \/>\n<br \/>G\u00fcld\u00fcren anas\u0131n\u0131f\u0131 \u00f6\u011frencileri, \u00f6\u011fretmenleri Hafize Zeybek A\u011fdac\u0131 rehberli\u011finde bir araya gelerek s\u0131n\u0131flar\u0131 i\u00e7in haz\u0131rlanacak T\u00fcrk bayra\u011f\u0131n\u0131n dikimi i\u00e7in diki\u015f makinesinin ba\u015f\u0131na ge\u00e7ti. Etkinlikte minik \u00f6\u011frenciler, bayra\u011f\u0131n kenar diki\u015flerini \u00f6\u011fretmenleriyle birlikte yapt\u0131.<br \/>\n<br \/>Anas\u0131n\u0131f\u0131 \u00f6\u011fretmeni Hafize Zeybek A\u011fdac\u0131, d\u00fczenlenen etkinli\u011fin yaln\u0131zca bir el becerisi \u00e7al\u0131\u015fmas\u0131 olmad\u0131\u011f\u0131n\u0131, ayn\u0131 zamanda \u00f6\u011frencilerle milli de\u011ferler aras\u0131nda kurulan g\u00fc\u00e7l\u00fc bir sevgi ba\u011f\u0131 oldu\u011funu ifade etti. A\u011fdac\u0131, &#8220;S\u0131n\u0131f\u0131m\u0131zda dalgalanacak olan 140&#215;86 ebad\u0131ndaki T\u00fcrk bayra\u011f\u0131n\u0131 k\u0131rm\u0131z\u0131-beyaz kuma\u015ftan dikimini ger\u00e7ekle\u015ftirdim. Kenar diki\u015flerini ise \u00f6\u011frencilerimizle birlikte yapt\u0131k. Bu etkinlik sayesinde minik \u00f6\u011frencilerimiz milli de\u011ferlerimizi yak\u0131ndan tan\u0131ma f\u0131rsat\u0131 bulurken, ince motor becerilerini geli\u015ftirdi, sab\u0131r ve uyum i\u00e7erisinde \u00e7al\u0131\u015farak kendi emeklerinin sonucunu g\u00f6rmenin gururunu ya\u015fad\u0131. \u00d6\u011frencilerimizin g\u00f6zlerindeki heyecan ve bayra\u011f\u0131m\u0131za dokunurken hissettikleri sorumluluk, gelece\u011fe dair en g\u00fczel umudumuz oldu&#8221; dedi.<br \/><\/p>\n","protected":false},"excerpt":{"rendered":"<p>K\u00fctahya\u2019n\u0131n Hisarc\u0131k il\u00e7esinde G\u00fcld\u00fcren \u0130lkokulu anas\u0131n\u0131f\u0131 \u00f6\u011frencileri, s\u0131n\u0131flar\u0131nda dalgalanacak T\u00fcrk bayra\u011f\u0131n\u0131 kendi elleriyle dikmenin heyecan\u0131n\u0131 ya\u015fad\u0131. G\u00fcld\u00fcren anas\u0131n\u0131f\u0131 \u00f6\u011frencileri, \u00f6\u011fretmenleri Hafize Zeybek A\u011fdac\u0131 rehberli\u011finde bir araya gelerek s\u0131n\u0131flar\u0131 i\u00e7in haz\u0131rlanacak T\u00fcrk bayra\u011f\u0131n\u0131n dikimi i\u00e7in diki\u015f makinesinin ba\u015f\u0131na ge\u00e7ti. Etkinlikte minik \u00f6\u011frenciler, bayra\u011f\u0131n kenar diki\u015flerini \u00f6\u011fretmenleriyle birlikte yapt\u0131. Anas\u0131n\u0131f\u0131 \u00f6\u011fretmeni Hafize Zeybek A\u011fdac\u0131, d\u00fczenlenen etkinli\u011fin yaln\u0131zca&#8230;<\/p>\n","protected":false},"author":1,"featured_media":85320,"comment_status":"open","ping_status":"open","sticky":false,"template":"","format":"standard","meta":{"_crdt_document":"","footnotes":""},"categories":[123],"tags":[],"class_list":["post-85319","post","type-post","status-publish","format-standard","has-post-thumbnail","hentry","category-gundem"],"_links":{"self":[{"href":"https:\/\/www.egemtv.com\/index.php?rest_route=\/wp\/v2\/posts\/85319","targetHints":{"allow":["GET"]}}],"collection":[{"href":"https:\/\/www.egemtv.com\/index.php?rest_route=\/wp\/v2\/posts"}],"about":[{"href":"https:\/\/www.egemtv.com\/index.php?rest_route=\/wp\/v2\/types\/post"}],"author":[{"embeddable":true,"href":"https:\/\/www.egemtv.com\/index.php?rest_route=\/wp\/v2\/users\/1"}],"replies":[{"embeddable":true,"href":"https:\/\/www.egemtv.com\/index.php?rest_route=%2Fwp%2Fv2%2Fcomments&post=85319"}],"version-history":[{"count":1,"href":"https:\/\/www.egemtv.com\/index.php?rest_route=\/wp\/v2\/posts\/85319\/revisions"}],"predecessor-version":[{"id":85321,"href":"https:\/\/www.egemtv.com\/index.php?rest_route=\/wp\/v2\/posts\/85319\/revisions\/85321"}],"wp:featuredmedia":[{"embeddable":true,"href":"https:\/\/www.egemtv.com\/index.php?rest_route=\/wp\/v2\/media\/85320"}],"wp:attachment":[{"href":"https:\/\/www.egemtv.com\/index.php?rest_route=%2Fwp%2Fv2%2Fmedia&parent=85319"}],"wp:term":[{"taxonomy":"category","embeddable":true,"href":"https:\/\/www.egemtv.com\/index.php?rest_route=%2Fwp%2Fv2%2Fcategories&post=85319"},{"taxonomy":"post_tag","embeddable":true,"href":"https:\/\/www.egemtv.com\/index.php?rest_route=%2Fwp%2Fv2%2Ftags&post=85319"}],"curies":[{"name":"wp","href":"https:\/\/api.w.org\/{rel}","templated":true}]}}