{"id":85316,"date":"2026-02-04T13:34:56","date_gmt":"2026-02-04T10:34:56","guid":{"rendered":"https:\/\/www.egemtv.com\/?p=85316"},"modified":"2026-02-04T13:34:57","modified_gmt":"2026-02-04T10:34:57","slug":"alisveris-merkezindeki-durakta-supheli-valiz-panigi","status":"publish","type":"post","link":"https:\/\/www.egemtv.com\/?p=85316","title":{"rendered":"Al\u0131\u015fveri\u015f merkezindeki durakta \u015f\u00fcpheli valiz pani\u011fi"},"content":{"rendered":"<p>Ayd\u0131n\u2019\u0131n Efeler il\u00e7esinde bir al\u0131\u015fveri\u015f merkezinin \u00f6n\u00fcndeki durakta b\u0131rak\u0131lan valiz, ekipleri harekete ge\u00e7irdi. F\u00fcnyeyle patlat\u0131lan valizden k\u0131yafetler ve ki\u015fisel e\u015fyalar \u00e7\u0131kt\u0131.<br \/>\n<br \/>Olay, Ayd\u0131n-Mu\u011fla karayolu \u00fczerinde bulunan Ops Mall al\u0131\u015fveri\u015f merkezi \u00f6n\u00fcndeki durakta meydana geldi. Edinilen bilgiye g\u00f6re, al\u0131\u015fveri\u015f merkezindeki vatanda\u015flar, sabah saatlerinde durak i\u00e7erisinde bir valiz oldu\u011funu fark etti. Uzun s\u00fcre valizi gelip alan olmay\u0131nca vatanda\u015flar, durumu 112 Acil \u00c7a\u011fr\u0131 Merkezi\u2019ne bildirdi. \u0130hbar \u00fczerine b\u00f6lgeye polis ekipleri sevk edildi. Ekipler incelemelerin ard\u0131ndan b\u00f6lgede g\u00fcvenlik \u00f6nlemi al\u0131rken, olay yerine bomba imha ekibi sevk edildi. Mu\u011fla Karayolu da bir s\u00fcre trafi\u011fe kapat\u0131l\u0131rken, uzun ara\u00e7 kuyruklar\u0131 olu\u015ftu. Bomba imha uzman\u0131, valizi f\u00fcnye yard\u0131m\u0131yla kontroll\u00fc bir \u015fekilde patlatt\u0131. Valizden k\u0131yafetler ve ki\u015fisel e\u015fyalar \u00e7\u0131kt\u0131.<br \/>\n<br \/>Olayla ile ilgili inceleme ba\u015flat\u0131ld\u0131.<br \/><\/p>\n","protected":false},"excerpt":{"rendered":"<p>Ayd\u0131n\u2019\u0131n Efeler il\u00e7esinde bir al\u0131\u015fveri\u015f merkezinin \u00f6n\u00fcndeki durakta b\u0131rak\u0131lan valiz, ekipleri harekete ge\u00e7irdi. F\u00fcnyeyle patlat\u0131lan valizden k\u0131yafetler ve ki\u015fisel e\u015fyalar \u00e7\u0131kt\u0131. Olay, Ayd\u0131n-Mu\u011fla karayolu \u00fczerinde bulunan Ops Mall al\u0131\u015fveri\u015f merkezi \u00f6n\u00fcndeki durakta meydana geldi. Edinilen bilgiye g\u00f6re, al\u0131\u015fveri\u015f merkezindeki vatanda\u015flar, sabah saatlerinde durak i\u00e7erisinde bir valiz oldu\u011funu fark etti. Uzun s\u00fcre valizi gelip alan olmay\u0131nca&#8230;<\/p>\n","protected":false},"author":1,"featured_media":85317,"comment_status":"open","ping_status":"open","sticky":false,"template":"","format":"standard","meta":{"_crdt_document":"","footnotes":""},"categories":[5],"tags":[],"class_list":["post-85316","post","type-post","status-publish","format-standard","has-post-thumbnail","hentry","category-asayis"],"_links":{"self":[{"href":"https:\/\/www.egemtv.com\/index.php?rest_route=\/wp\/v2\/posts\/85316","targetHints":{"allow":["GET"]}}],"collection":[{"href":"https:\/\/www.egemtv.com\/index.php?rest_route=\/wp\/v2\/posts"}],"about":[{"href":"https:\/\/www.egemtv.com\/index.php?rest_route=\/wp\/v2\/types\/post"}],"author":[{"embeddable":true,"href":"https:\/\/www.egemtv.com\/index.php?rest_route=\/wp\/v2\/users\/1"}],"replies":[{"embeddable":true,"href":"https:\/\/www.egemtv.com\/index.php?rest_route=%2Fwp%2Fv2%2Fcomments&post=85316"}],"version-history":[{"count":1,"href":"https:\/\/www.egemtv.com\/index.php?rest_route=\/wp\/v2\/posts\/85316\/revisions"}],"predecessor-version":[{"id":85318,"href":"https:\/\/www.egemtv.com\/index.php?rest_route=\/wp\/v2\/posts\/85316\/revisions\/85318"}],"wp:featuredmedia":[{"embeddable":true,"href":"https:\/\/www.egemtv.com\/index.php?rest_route=\/wp\/v2\/media\/85317"}],"wp:attachment":[{"href":"https:\/\/www.egemtv.com\/index.php?rest_route=%2Fwp%2Fv2%2Fmedia&parent=85316"}],"wp:term":[{"taxonomy":"category","embeddable":true,"href":"https:\/\/www.egemtv.com\/index.php?rest_route=%2Fwp%2Fv2%2Fcategories&post=85316"},{"taxonomy":"post_tag","embeddable":true,"href":"https:\/\/www.egemtv.com\/index.php?rest_route=%2Fwp%2Fv2%2Ftags&post=85316"}],"curies":[{"name":"wp","href":"https:\/\/api.w.org\/{rel}","templated":true}]}}