{"id":85313,"date":"2026-02-04T13:14:59","date_gmt":"2026-02-04T10:14:59","guid":{"rendered":"https:\/\/www.egemtv.com\/?p=85313"},"modified":"2026-02-04T13:15:00","modified_gmt":"2026-02-04T10:15:00","slug":"izmirde-ramazan-oncesi-market-denetimi","status":"publish","type":"post","link":"https:\/\/www.egemtv.com\/?p=85313","title":{"rendered":"\u0130zmir\u2019de Ramazan \u00f6ncesi market denetimi"},"content":{"rendered":"<p>\u0130zmir\u2019de Ramazan ay\u0131 \u00f6ncesinde marketlere y\u00f6nelik ortak denetim ger\u00e7ekle\u015ftirildi. Konak il\u00e7esinde bir zincir markette yap\u0131lan denetimlerde fahi\u015f fiyat ve etiket uyumsuzlu\u011funun yan\u0131 s\u0131ra g\u0131da g\u00fcvenli\u011fi ve hijyen \u015fartlar\u0131 da incelendi.<br \/>\n<br \/>Ramazan \u00f6ncesi 81 il genelinde temel g\u0131da \u00fcr\u00fcnleri ba\u015fta olmak \u00fczere piyasada olu\u015fabilecek fahi\u015f fiyat art\u0131\u015f\u0131, stok\u00e7uluk ve g\u0131da g\u00fcvenli\u011fi ihlallerine kar\u015f\u0131 koordineli \u00e7al\u0131\u015fmalar devam ediyor. Bu kapsamda \u0130zmir Ticaret \u0130l M\u00fcd\u00fcrl\u00fc\u011f\u00fc ile \u0130l Tar\u0131m ve Orman M\u00fcd\u00fcrl\u00fc\u011f\u00fc ekipleri, Konak il\u00e7esindeki bir zincir markette e\u015f zamanl\u0131 denetim yapt\u0131. Reyonlardaki temel g\u0131da ve ihtiya\u00e7 \u00fcr\u00fcnlerinin etiket fiyatlar\u0131 ile kasa fiyatlar\u0131 kontrol edildi. \u00dcr\u00fcnlerin son kullanma tarihleri, saklama \u015fartlar\u0131, tazelik durumlar\u0131 ve i\u015fletmenin genel hijyen standartlar\u0131 denetlendi.<br \/>\n<br \/>Ramazan ay\u0131 \u00f6ncesinde ve s\u00fcresince vatanda\u015flar\u0131n hem ekonomik menfaatleri hem de g\u0131da g\u00fcvenli\u011fi i\u00e7in denetimlerin hassasiyetle devam edece\u011fi vurguland\u0131. Yap\u0131lan incelemeler neticesinde, mevzuata ayk\u0131r\u0131 durumlar\u0131n, fahi\u015f fiyat uygulamalar\u0131n\u0131n veya halk sa\u011fl\u0131\u011f\u0131n\u0131 tehdit eden unsurlar\u0131n tespit edilmesi halinde gerekli idari yapt\u0131r\u0131mlar\u0131n ivedilikle uygulanaca\u011f\u0131 belirtildi.<br \/><\/p>\n","protected":false},"excerpt":{"rendered":"<p>\u0130zmir\u2019de Ramazan ay\u0131 \u00f6ncesinde marketlere y\u00f6nelik ortak denetim ger\u00e7ekle\u015ftirildi. Konak il\u00e7esinde bir zincir markette yap\u0131lan denetimlerde fahi\u015f fiyat ve etiket uyumsuzlu\u011funun yan\u0131 s\u0131ra g\u0131da g\u00fcvenli\u011fi ve hijyen \u015fartlar\u0131 da incelendi. Ramazan \u00f6ncesi 81 il genelinde temel g\u0131da \u00fcr\u00fcnleri ba\u015fta olmak \u00fczere piyasada olu\u015fabilecek fahi\u015f fiyat art\u0131\u015f\u0131, stok\u00e7uluk ve g\u0131da g\u00fcvenli\u011fi ihlallerine kar\u015f\u0131 koordineli \u00e7al\u0131\u015fmalar devam&#8230;<\/p>\n","protected":false},"author":1,"featured_media":85314,"comment_status":"open","ping_status":"open","sticky":false,"template":"","format":"standard","meta":{"_crdt_document":"","footnotes":""},"categories":[5],"tags":[],"class_list":["post-85313","post","type-post","status-publish","format-standard","has-post-thumbnail","hentry","category-asayis"],"_links":{"self":[{"href":"https:\/\/www.egemtv.com\/index.php?rest_route=\/wp\/v2\/posts\/85313","targetHints":{"allow":["GET"]}}],"collection":[{"href":"https:\/\/www.egemtv.com\/index.php?rest_route=\/wp\/v2\/posts"}],"about":[{"href":"https:\/\/www.egemtv.com\/index.php?rest_route=\/wp\/v2\/types\/post"}],"author":[{"embeddable":true,"href":"https:\/\/www.egemtv.com\/index.php?rest_route=\/wp\/v2\/users\/1"}],"replies":[{"embeddable":true,"href":"https:\/\/www.egemtv.com\/index.php?rest_route=%2Fwp%2Fv2%2Fcomments&post=85313"}],"version-history":[{"count":1,"href":"https:\/\/www.egemtv.com\/index.php?rest_route=\/wp\/v2\/posts\/85313\/revisions"}],"predecessor-version":[{"id":85315,"href":"https:\/\/www.egemtv.com\/index.php?rest_route=\/wp\/v2\/posts\/85313\/revisions\/85315"}],"wp:featuredmedia":[{"embeddable":true,"href":"https:\/\/www.egemtv.com\/index.php?rest_route=\/wp\/v2\/media\/85314"}],"wp:attachment":[{"href":"https:\/\/www.egemtv.com\/index.php?rest_route=%2Fwp%2Fv2%2Fmedia&parent=85313"}],"wp:term":[{"taxonomy":"category","embeddable":true,"href":"https:\/\/www.egemtv.com\/index.php?rest_route=%2Fwp%2Fv2%2Fcategories&post=85313"},{"taxonomy":"post_tag","embeddable":true,"href":"https:\/\/www.egemtv.com\/index.php?rest_route=%2Fwp%2Fv2%2Ftags&post=85313"}],"curies":[{"name":"wp","href":"https:\/\/api.w.org\/{rel}","templated":true}]}}