{"id":85310,"date":"2026-02-04T12:54:46","date_gmt":"2026-02-04T09:54:46","guid":{"rendered":"https:\/\/www.egemtv.com\/?p=85310"},"modified":"2026-02-04T12:54:48","modified_gmt":"2026-02-04T09:54:48","slug":"gece-yarisi-kirmizi-isikta-mendil-satan-cocuklar-icin-yetkililere-cagri","status":"publish","type":"post","link":"https:\/\/www.egemtv.com\/?p=85310","title":{"rendered":"Gece yar\u0131s\u0131 k\u0131rm\u0131z\u0131 \u0131\u015f\u0131kta mendil satan \u00e7ocuklar i\u00e7in yetkililere \u00e7a\u011fr\u0131"},"content":{"rendered":"<p>D\u00fc\u015f\u00fcnce Rotas\u0131 Derne\u011fi Genel Ba\u015fkan\u0131 Fatih K\u00f6se, Manisa\u2019da \u00f6zellikle Saruhan Bey Camii \u00f6n\u00fcndeki \u0131\u015f\u0131klarda gece ge\u00e7 saatlere kadar mendil satan k\u00fc\u00e7\u00fck \u00e7ocuklara dikkat \u00e7ekerek, &#8220;Bu \u00e7ocuklar\u0131n yeri sokaklar de\u011fil, evleridir&#8221; dedi.<br \/>\n<br \/>D\u00fc\u015f\u00fcnce Rotas\u0131 Derne\u011fi Genel Ba\u015fkan\u0131 Fatih K\u00f6se, Manisa\u2019da gece saatlerinde trafik \u0131\u015f\u0131klar\u0131nda mendil satan k\u00fc\u00e7\u00fck \u00e7ocuklar\u0131n varl\u0131\u011f\u0131na dikkat \u00e7ekerek yetkililere \u00e7a\u011fr\u0131da bulundu. K\u00f6se, \u00f6zellikle Saruhan Bey Camii \u00f6n\u00fcndeki trafik \u0131\u015f\u0131klar\u0131nda gece 23.00-00.00 saatlerinde 8-9 ya\u015flar\u0131ndaki \u00e7ocuklar\u0131n \u00e7al\u0131\u015ft\u0131r\u0131ld\u0131\u011f\u0131n\u0131 belirterek, bunun kabul edilemez oldu\u011funu s\u00f6yledi.<br \/>\n<br \/>Fatih K\u00f6se yapt\u0131\u011f\u0131 a\u00e7\u0131klamada, bu durumun sadece bir asayi\u015f meselesi de\u011fil, ayn\u0131 zamanda ciddi bir \u00e7ocuk haklar\u0131 ve sosyal sorumluluk konusu oldu\u011funu vurgulad\u0131. K\u00f6se, &#8220;Bu \u00e7ocuklar\u0131n en b\u00fcy\u00fc\u011f\u00fc 8-9 ya\u015f\u0131nda. Gece yar\u0131s\u0131 k\u0131rm\u0131z\u0131 \u0131\u015f\u0131klarda mendil sat\u0131yorlar. O ya\u015fta bir \u00e7ocu\u011fun yeri sokaklar de\u011fil, evi, okulu ve ailesinin yan\u0131d\u0131r&#8221; dedi.<\/p>\n<p>&#8220;Mendil sat\u0131yorlar diye g\u00f6rmezden geliniyor&#8221;<br \/>\n<br \/>Eskiden zab\u0131ta ve \u00e7ocuk \u015fube ekiplerinin bu t\u00fcr durumlara m\u00fcdahale etti\u011fini hat\u0131rlatan K\u00f6se, son d\u00f6nemde \u00e7ocuklar\u0131n \u2018mendil sat\u0131yorum\u2019 gerek\u00e7esiyle dilenci stat\u00fcs\u00fcnde de\u011ferlendirilmedi\u011fini ve i\u015flem yap\u0131lmad\u0131\u011f\u0131n\u0131 ifade etti.<br \/>\n<br \/>K\u00f6se, &#8220;Bug\u00fcn bu \u00e7ocuklar ticaret yap\u0131yor gibi g\u00f6sterilerek sistemin d\u0131\u015f\u0131nda b\u0131rak\u0131l\u0131yor. Ancak ger\u00e7ekte ortada a\u00e7\u0131k bir \u00e7ocuk istismar\u0131 vard\u0131r. Mendil satmak, bu ger\u00e7e\u011fi de\u011fi\u015ftirmez. Gece yar\u0131s\u0131 trafikte dola\u015fan bir \u00e7ocu\u011fun can g\u00fcvenli\u011fi de, psikolojisi de ciddi risk alt\u0131ndad\u0131r&#8221; diye konu\u015ftu.<br \/>\n<br \/>Fatih K\u00f6se, ba\u015fta Manisa Valili\u011fi, Manisa B\u00fcy\u00fck\u015fehir Belediyesi, il\u00e7e belediyeleri, emniyet m\u00fcd\u00fcrl\u00fc\u011f\u00fc ve ilgili sosyal hizmet birimlerine \u00e7a\u011fr\u0131da bulunarak, bu \u00e7ocuklar\u0131n korunmas\u0131 i\u00e7in acil ve koordineli ad\u0131mlar at\u0131lmas\u0131 gerekti\u011fini s\u00f6yleyerek, &#8220;Bu \u00e7ocuklar mendil de\u011fil, hayat sat\u0131yor. Bu tabloya al\u0131\u015fmak, normalle\u015ftirmek en b\u00fcy\u00fck yanl\u0131\u015f. Sosyal hizmetler, aileler ve ilgili t\u00fcm kurumlar devreye girmeli. Bu \u00e7ocuklar sokaktan al\u0131nmal\u0131, koruma alt\u0131na al\u0131nmal\u0131 ve e\u011fitimlerine kazand\u0131r\u0131lmal\u0131d\u0131r&#8221; ifadelerini kulland\u0131.<br \/>\n<br \/>K\u00f6se, vatanda\u015flara da \u00e7a\u011fr\u0131da bulunarak, &#8220;Bu \u00e7ocuklardan mendil almak vicdan\u0131m\u0131z\u0131 rahatlatm\u0131yor, aksine bu d\u00fczenin s\u00fcrmesine katk\u0131 sa\u011fl\u0131yor. Yard\u0131m etmek istiyorsak, do\u011fru adres sosyal kurumlar ve resmi mekanizmalard\u0131r. \u00c7ocuklar\u0131n yeri trafik \u0131\u015f\u0131klar\u0131 de\u011fil, g\u00fcvenli bir gelecek olmal\u0131d\u0131r&#8221; dedi.<br \/><\/p>\n","protected":false},"excerpt":{"rendered":"<p>D\u00fc\u015f\u00fcnce Rotas\u0131 Derne\u011fi Genel Ba\u015fkan\u0131 Fatih K\u00f6se, Manisa\u2019da \u00f6zellikle Saruhan Bey Camii \u00f6n\u00fcndeki \u0131\u015f\u0131klarda gece ge\u00e7 saatlere kadar mendil satan k\u00fc\u00e7\u00fck \u00e7ocuklara dikkat \u00e7ekerek, &#8220;Bu \u00e7ocuklar\u0131n yeri sokaklar de\u011fil, evleridir&#8221; dedi. D\u00fc\u015f\u00fcnce Rotas\u0131 Derne\u011fi Genel Ba\u015fkan\u0131 Fatih K\u00f6se, Manisa\u2019da gece saatlerinde trafik \u0131\u015f\u0131klar\u0131nda mendil satan k\u00fc\u00e7\u00fck \u00e7ocuklar\u0131n varl\u0131\u011f\u0131na dikkat \u00e7ekerek yetkililere \u00e7a\u011fr\u0131da bulundu. K\u00f6se, \u00f6zellikle&#8230;<\/p>\n","protected":false},"author":1,"featured_media":85311,"comment_status":"open","ping_status":"open","sticky":false,"template":"","format":"standard","meta":{"_crdt_document":"","footnotes":""},"categories":[5],"tags":[],"class_list":["post-85310","post","type-post","status-publish","format-standard","has-post-thumbnail","hentry","category-asayis"],"_links":{"self":[{"href":"https:\/\/www.egemtv.com\/index.php?rest_route=\/wp\/v2\/posts\/85310","targetHints":{"allow":["GET"]}}],"collection":[{"href":"https:\/\/www.egemtv.com\/index.php?rest_route=\/wp\/v2\/posts"}],"about":[{"href":"https:\/\/www.egemtv.com\/index.php?rest_route=\/wp\/v2\/types\/post"}],"author":[{"embeddable":true,"href":"https:\/\/www.egemtv.com\/index.php?rest_route=\/wp\/v2\/users\/1"}],"replies":[{"embeddable":true,"href":"https:\/\/www.egemtv.com\/index.php?rest_route=%2Fwp%2Fv2%2Fcomments&post=85310"}],"version-history":[{"count":1,"href":"https:\/\/www.egemtv.com\/index.php?rest_route=\/wp\/v2\/posts\/85310\/revisions"}],"predecessor-version":[{"id":85312,"href":"https:\/\/www.egemtv.com\/index.php?rest_route=\/wp\/v2\/posts\/85310\/revisions\/85312"}],"wp:featuredmedia":[{"embeddable":true,"href":"https:\/\/www.egemtv.com\/index.php?rest_route=\/wp\/v2\/media\/85311"}],"wp:attachment":[{"href":"https:\/\/www.egemtv.com\/index.php?rest_route=%2Fwp%2Fv2%2Fmedia&parent=85310"}],"wp:term":[{"taxonomy":"category","embeddable":true,"href":"https:\/\/www.egemtv.com\/index.php?rest_route=%2Fwp%2Fv2%2Fcategories&post=85310"},{"taxonomy":"post_tag","embeddable":true,"href":"https:\/\/www.egemtv.com\/index.php?rest_route=%2Fwp%2Fv2%2Ftags&post=85310"}],"curies":[{"name":"wp","href":"https:\/\/api.w.org\/{rel}","templated":true}]}}