{"id":85307,"date":"2026-02-04T12:54:45","date_gmt":"2026-02-04T09:54:45","guid":{"rendered":"https:\/\/www.egemtv.com\/?p=85307"},"modified":"2026-02-04T12:54:46","modified_gmt":"2026-02-04T09:54:46","slug":"denizli-ataturku-95-yil-sonra-ayni-saygi-ve-gururla-andi","status":"publish","type":"post","link":"https:\/\/www.egemtv.com\/?p=85307","title":{"rendered":"Denizli, Atat\u00fcrk\u2019\u00fc 95 y\u0131l sonra ayn\u0131 sayg\u0131 ve gururla and\u0131"},"content":{"rendered":"<p>T\u00fcrkiye Cumhuriyeti\u2019nin kurucusu Gazi Mustafa Kemal Atat\u00fcrk\u2019\u00fcn 1931 y\u0131l\u0131nda Denizli\u2019ye yapt\u0131\u011f\u0131 ziyaretin 95. y\u0131l d\u00f6n\u00fcm\u00fc t\u00f6renle an\u0131ld\u0131. T\u00f6rende konu\u015fan Ba\u015fkan \u00c7avu\u015fo\u011flu, &#8220;Cumhuriyetimizi ve onun de\u011ferlerini sonsuza kadar ya\u015fatma s\u00f6z\u00fcn\u00fc bir kez daha veriyoruz&#8221; dedi.<br \/>\n<br \/>Delikli\u00e7\u0131nar Meydan\u0131\u2019nda d\u00fczenlenen t\u00f6rene Denizli Valisi Yavuz Selim K\u00f6\u015fger, Garnizon Komutan Vekili G\u00f6khan \u00c7elik, Denizli B\u00fcy\u00fck\u015fehir Belediye Ba\u015fkan\u0131 B\u00fclent Nuri \u00c7avu\u015fo\u011flu, il\u00e7e belediye ba\u015fkanlar\u0131, siyasi parti ve sivil toplum kurulu\u015fu temsilcileri, gaziler, \u015fehit yak\u0131nlar\u0131 ve \u00e7ok say\u0131da vatanda\u015f kat\u0131ld\u0131. Atat\u00fcrk An\u0131t\u0131\u2019na \u00e7elenk sunulmas\u0131 ve \u0130stiklal Mar\u015f\u0131\u2019n\u0131n okunmas\u0131yla ba\u015flayan t\u00f6rende, Denizli B\u00fcy\u00fck\u015fehir Belediyesi Halk Oyunlar\u0131 Toplulu\u011fu taraf\u0131ndan halk oyunlar\u0131 g\u00f6sterisi sunuldu.<br \/>\n<br \/>&#8220;Atat\u00fcrk\u2019\u00fcn a\u00e7t\u0131\u011f\u0131 yolda kararl\u0131l\u0131kla y\u00fcr\u00fcyoruz&#8221;<br \/>\n<br \/>T\u00f6rende konu\u015fan Denizli B\u00fcy\u00fck\u015fehir Belediye Ba\u015fkan\u0131 B\u00fclent Nuri \u00c7avu\u015fo\u011flu, Atat\u00fcrk\u2019\u00fcn Denizli ziyaretinin yaln\u0131zca bir tarih de\u011fil, ayn\u0131 zamanda Cumhuriyet\u2019in gelece\u011fe uzanan yolculu\u011funun simgesi oldu\u011funu vurgulad\u0131. Ba\u015fkan \u00c7avu\u015fo\u011flu, &#8220;Bug\u00fcn sadece Gazi Mustafa Kemal Atat\u00fcrk\u2019\u00fcn \u015fehrimize geli\u015finin y\u0131l d\u00f6n\u00fcm\u00fcn\u00fc de\u011fil, onun a\u00e7t\u0131\u011f\u0131 ufku, ilke ve devrimlerini ve Cumhuriyet\u2019in ayd\u0131nl\u0131k gelece\u011fini birlikte an\u0131yoruz. O zor \u015fartlar alt\u0131nda \u2018ben\u2019 de\u011fil \u2018biz\u2019 diyerek yola \u00e7\u0131kanlar\u0131n fedak\u00e2rl\u0131klar\u0131 sayesinde bug\u00fcn bu bayra\u011f\u0131n alt\u0131nda \u00f6zg\u00fcrce ya\u015f\u0131yoruz&#8221; dedi.<br \/>\n<br \/>&#8220;Sonsuza kadar Cumhuriyet&#8221;<br \/>\n<br \/>Ba\u015fkan \u00c7avu\u015fo\u011flu, konu\u015fmas\u0131nda Atat\u00fcrk\u2019\u00fcn g\u00f6sterdi\u011fi hedefler do\u011frultusunda y\u00fcr\u00fcmeye devam edeceklerini belirterek, &#8220;Sanatta, sporda, e\u011fitimde gen\u00e7lerin ve kad\u0131nlar\u0131n mutlu oldu\u011fu bir \u015fehir i\u00e7in Atat\u00fcrk\u2019\u00fcn \u00e7izdi\u011fi istikamette kararl\u0131l\u0131kla ilerleyece\u011fiz. Cumhuriyetimizi ve onun de\u011ferlerini sonsuza kadar ya\u015fatma s\u00f6z\u00fcn\u00fc bir kez daha veriyoruz&#8221; ifadelerini kulland\u0131.<br \/>\n<br \/>\u00d6\u011frencilere \u00f6d\u00fcller verildi<br \/>\n<br \/>Konu\u015fmalar\u0131n ard\u0131ndan Atat\u00fcrk Ko\u015fusu ve resim yar\u0131\u015fmas\u0131nda dereceye giren \u00f6\u011frencilere \u00f6d\u00fclleri protokol \u00fcyeleri taraf\u0131ndan takdim edildi. Atat\u00fcrk\u2019\u00fcn Denizli ziyareti kapsam\u0131nda kent genelinde \u00e7e\u015fitli etkinlikler de d\u00fczenlendi. B\u00fcy\u00fck\u015fehir Belediyesi Turan Bahad\u0131r Sergi Salonu\u2019nda, Atat\u00fcrk\u2019\u00fcn Denizli\u2019ye ziyaretiyle ilgili foto\u011fraf ve resimlerden olu\u015fan serginin a\u00e7\u0131l\u0131\u015f\u0131 yap\u0131ld\u0131. Serginin a\u00e7\u0131l\u0131\u015f\u0131na Denizli Valisi Yavuz Selim K\u00f6\u015fger, Garnizon Komutan Vekili G\u00f6khan \u00c7elik ve B\u00fcy\u00fck\u015fehir Belediye Ba\u015fkan\u0131 B\u00fclent Nuri \u00c7avu\u015fo\u011flu kat\u0131ld\u0131. Etkinlikler kapsam\u0131nda ayr\u0131ca Pamukkale \u00dcniversitesi \u00d6\u011fretim \u00dcyesi Prof. Dr. Tahir Kodal taraf\u0131ndan \u00c7atal\u00e7e\u015fme Oda Tiyatrosu\u2019nda &#8220;Gazi Mustafa Kemal Atat\u00fcrk Denizli\u2019de&#8221; ba\u015fl\u0131kl\u0131 konferans ger\u00e7ekle\u015ftirildi.<br \/><\/p>\n","protected":false},"excerpt":{"rendered":"<p>T\u00fcrkiye Cumhuriyeti\u2019nin kurucusu Gazi Mustafa Kemal Atat\u00fcrk\u2019\u00fcn 1931 y\u0131l\u0131nda Denizli\u2019ye yapt\u0131\u011f\u0131 ziyaretin 95. y\u0131l d\u00f6n\u00fcm\u00fc t\u00f6renle an\u0131ld\u0131. T\u00f6rende konu\u015fan Ba\u015fkan \u00c7avu\u015fo\u011flu, &#8220;Cumhuriyetimizi ve onun de\u011ferlerini sonsuza kadar ya\u015fatma s\u00f6z\u00fcn\u00fc bir kez daha veriyoruz&#8221; dedi. Delikli\u00e7\u0131nar Meydan\u0131\u2019nda d\u00fczenlenen t\u00f6rene Denizli Valisi Yavuz Selim K\u00f6\u015fger, Garnizon Komutan Vekili G\u00f6khan \u00c7elik, Denizli B\u00fcy\u00fck\u015fehir Belediye Ba\u015fkan\u0131 B\u00fclent Nuri \u00c7avu\u015fo\u011flu,&#8230;<\/p>\n","protected":false},"author":1,"featured_media":85308,"comment_status":"open","ping_status":"open","sticky":false,"template":"","format":"standard","meta":{"_crdt_document":"","footnotes":""},"categories":[1],"tags":[],"class_list":["post-85307","post","type-post","status-publish","format-standard","has-post-thumbnail","hentry","category-guncel"],"_links":{"self":[{"href":"https:\/\/www.egemtv.com\/index.php?rest_route=\/wp\/v2\/posts\/85307","targetHints":{"allow":["GET"]}}],"collection":[{"href":"https:\/\/www.egemtv.com\/index.php?rest_route=\/wp\/v2\/posts"}],"about":[{"href":"https:\/\/www.egemtv.com\/index.php?rest_route=\/wp\/v2\/types\/post"}],"author":[{"embeddable":true,"href":"https:\/\/www.egemtv.com\/index.php?rest_route=\/wp\/v2\/users\/1"}],"replies":[{"embeddable":true,"href":"https:\/\/www.egemtv.com\/index.php?rest_route=%2Fwp%2Fv2%2Fcomments&post=85307"}],"version-history":[{"count":1,"href":"https:\/\/www.egemtv.com\/index.php?rest_route=\/wp\/v2\/posts\/85307\/revisions"}],"predecessor-version":[{"id":85309,"href":"https:\/\/www.egemtv.com\/index.php?rest_route=\/wp\/v2\/posts\/85307\/revisions\/85309"}],"wp:featuredmedia":[{"embeddable":true,"href":"https:\/\/www.egemtv.com\/index.php?rest_route=\/wp\/v2\/media\/85308"}],"wp:attachment":[{"href":"https:\/\/www.egemtv.com\/index.php?rest_route=%2Fwp%2Fv2%2Fmedia&parent=85307"}],"wp:term":[{"taxonomy":"category","embeddable":true,"href":"https:\/\/www.egemtv.com\/index.php?rest_route=%2Fwp%2Fv2%2Fcategories&post=85307"},{"taxonomy":"post_tag","embeddable":true,"href":"https:\/\/www.egemtv.com\/index.php?rest_route=%2Fwp%2Fv2%2Ftags&post=85307"}],"curies":[{"name":"wp","href":"https:\/\/api.w.org\/{rel}","templated":true}]}}