{"id":85304,"date":"2026-02-04T12:35:01","date_gmt":"2026-02-04T09:35:01","guid":{"rendered":"https:\/\/www.egemtv.com\/?p=85304"},"modified":"2026-02-04T12:35:02","modified_gmt":"2026-02-04T09:35:02","slug":"6-subat-depreminin-3-yil-donumunde-denizlide-anma-programi-duzenlenecek","status":"publish","type":"post","link":"https:\/\/www.egemtv.com\/?p=85304","title":{"rendered":"6 \u015eubat depreminin 3. y\u0131l d\u00f6n\u00fcm\u00fcnde Denizli\u2019de anma program\u0131 d\u00fczenlenecek"},"content":{"rendered":"<p>6 \u015eubat 2023\u2019te meydana gelen ve &#8220;asr\u0131n felaketi&#8221; olarak nitelendirilen depremlerin 3. y\u0131l d\u00f6n\u00fcm\u00fc dolay\u0131s\u0131yla Denizli Hatayl\u0131lar Derne\u011fi taraf\u0131ndan anma program\u0131 d\u00fczenlenecek.<br \/>\n<br \/>Kahramanmara\u015f merkezli 6 \u015eubat 2023 depremlerinin 3. y\u0131l d\u00f6n\u00fcm\u00fc nedeniyle Denizli Hatayl\u0131lar Derne\u011fi taraf\u0131ndan anma program\u0131 ger\u00e7ekle\u015ftirilecek. Programla, ya\u015fanan ac\u0131lar\u0131n unutulmamas\u0131, hayat\u0131n\u0131 kaybeden vatanda\u015flar\u0131n rahmetle an\u0131lmas\u0131 ve toplumsal dayan\u0131\u015fman\u0131n g\u00fc\u00e7lendirilmesi ama\u00e7lan\u0131yor.<br \/>\n<br \/>Programa g\u00f6re, 6 \u015eubat 2026 Cuma g\u00fcn\u00fc saat 04.17\u2019de Delikli\u00e7\u0131nar Meydan\u0131\u2019nda bir araya gelinecek. Burada g\u00fcn\u00fcn anlam ve \u00f6nemine ili\u015fkin bas\u0131n a\u00e7\u0131klamas\u0131 yap\u0131lacak, depremde hayat\u0131n\u0131 kaybedenler i\u00e7in sayg\u0131 duru\u015funda bulunulacak, dualar edilecek ve Fatiha okunacak. \u00d6\u011fle namaz\u0131n\u0131n ard\u0131ndan ise Cando\u011fan Park\u0131\u2019nda kurulacak \u00e7ad\u0131rda ise depremde hayat\u0131n\u0131 kaybeden vatanda\u015flar\u0131n ruhlar\u0131na ithafen mevlid-i \u015ferif okutulacak ve lokma da\u011f\u0131t\u0131m\u0131 yap\u0131lacak.<br \/>\n<br \/>Denizli Hatayl\u0131lar Derne\u011fi Ba\u015fkan\u0131 \u00d6zcan Barut\u00e7u, t\u00fcm Denizli halk\u0131n\u0131 ve Denizli\u2019de ya\u015fayan Hatayl\u0131 hem\u015fehrilerini anma program\u0131na davet ederek, &#8220;Bu anlaml\u0131 g\u00fcnde t\u00fcm vatanda\u015flar\u0131m\u0131z\u0131 aram\u0131zda g\u00f6rmek istiyoruz&#8221; ifadelerini kulland\u0131.<br \/><\/p>\n","protected":false},"excerpt":{"rendered":"<p>6 \u015eubat 2023\u2019te meydana gelen ve &#8220;asr\u0131n felaketi&#8221; olarak nitelendirilen depremlerin 3. y\u0131l d\u00f6n\u00fcm\u00fc dolay\u0131s\u0131yla Denizli Hatayl\u0131lar Derne\u011fi taraf\u0131ndan anma program\u0131 d\u00fczenlenecek. Kahramanmara\u015f merkezli 6 \u015eubat 2023 depremlerinin 3. y\u0131l d\u00f6n\u00fcm\u00fc nedeniyle Denizli Hatayl\u0131lar Derne\u011fi taraf\u0131ndan anma program\u0131 ger\u00e7ekle\u015ftirilecek. Programla, ya\u015fanan ac\u0131lar\u0131n unutulmamas\u0131, hayat\u0131n\u0131 kaybeden vatanda\u015flar\u0131n rahmetle an\u0131lmas\u0131 ve toplumsal dayan\u0131\u015fman\u0131n g\u00fc\u00e7lendirilmesi ama\u00e7lan\u0131yor. Programa g\u00f6re,&#8230;<\/p>\n","protected":false},"author":1,"featured_media":85305,"comment_status":"open","ping_status":"open","sticky":false,"template":"","format":"standard","meta":{"_crdt_document":"","footnotes":""},"categories":[123],"tags":[],"class_list":["post-85304","post","type-post","status-publish","format-standard","has-post-thumbnail","hentry","category-gundem"],"_links":{"self":[{"href":"https:\/\/www.egemtv.com\/index.php?rest_route=\/wp\/v2\/posts\/85304","targetHints":{"allow":["GET"]}}],"collection":[{"href":"https:\/\/www.egemtv.com\/index.php?rest_route=\/wp\/v2\/posts"}],"about":[{"href":"https:\/\/www.egemtv.com\/index.php?rest_route=\/wp\/v2\/types\/post"}],"author":[{"embeddable":true,"href":"https:\/\/www.egemtv.com\/index.php?rest_route=\/wp\/v2\/users\/1"}],"replies":[{"embeddable":true,"href":"https:\/\/www.egemtv.com\/index.php?rest_route=%2Fwp%2Fv2%2Fcomments&post=85304"}],"version-history":[{"count":1,"href":"https:\/\/www.egemtv.com\/index.php?rest_route=\/wp\/v2\/posts\/85304\/revisions"}],"predecessor-version":[{"id":85306,"href":"https:\/\/www.egemtv.com\/index.php?rest_route=\/wp\/v2\/posts\/85304\/revisions\/85306"}],"wp:featuredmedia":[{"embeddable":true,"href":"https:\/\/www.egemtv.com\/index.php?rest_route=\/wp\/v2\/media\/85305"}],"wp:attachment":[{"href":"https:\/\/www.egemtv.com\/index.php?rest_route=%2Fwp%2Fv2%2Fmedia&parent=85304"}],"wp:term":[{"taxonomy":"category","embeddable":true,"href":"https:\/\/www.egemtv.com\/index.php?rest_route=%2Fwp%2Fv2%2Fcategories&post=85304"},{"taxonomy":"post_tag","embeddable":true,"href":"https:\/\/www.egemtv.com\/index.php?rest_route=%2Fwp%2Fv2%2Ftags&post=85304"}],"curies":[{"name":"wp","href":"https:\/\/api.w.org\/{rel}","templated":true}]}}