{"id":85301,"date":"2026-02-04T12:35:00","date_gmt":"2026-02-04T09:35:00","guid":{"rendered":"https:\/\/www.egemtv.com\/?p=85301"},"modified":"2026-02-04T12:35:01","modified_gmt":"2026-02-04T09:35:01","slug":"hisarcik-ataturk-ilkokulu-ogrencisi-resim-yarismasinda-il-ucuncusu-oldu","status":"publish","type":"post","link":"https:\/\/www.egemtv.com\/?p=85301","title":{"rendered":"Hisarc\u0131k Atat\u00fcrk \u0130lkokulu \u00f6\u011frencisi resim yar\u0131\u015fmas\u0131nda il \u00fc\u00e7\u00fcnc\u00fcs\u00fc oldu"},"content":{"rendered":"<p>K\u00fctahya \u0130l Milli E\u011fitim M\u00fcd\u00fcrl\u00fc\u011f\u00fc taraf\u0131ndan y\u00fcr\u00fct\u00fclen &#8220;43 Ad\u0131m&#8221; projesi kapsam\u0131nda, &#8220;Okulda Nezaket Hareketi&#8221; etkinlikleri \u00e7er\u00e7evesinde d\u00fczenlenen resim yar\u0131\u015fmas\u0131nda Hisarc\u0131k Atat\u00fcrk \u0130lkokulu \u00f6\u011frencisi Nermin Ko\u00e7, il genelinde \u00fc\u00e7\u00fcnc\u00fc oldu.<br \/>\n<br \/>\u0130lkokullar aras\u0131 d\u00fczenlenen yar\u0131\u015fmada dereceye giren Hisarc\u0131k Atat\u00fcrk \u0130lkokulu 3-B s\u0131n\u0131f\u0131 \u00f6\u011frencisi Nermin Ko\u00e7\u2019a, \u0130l Milli E\u011fitim M\u00fcd\u00fcrl\u00fc\u011f\u00fc taraf\u0131ndan g\u00f6nderilen ba\u015far\u0131 belgesi Okul M\u00fcd\u00fcr\u00fc Pelin Solak taraf\u0131ndan takdim edildi.<br \/>\n<br \/>M\u00fcd\u00fcr Pelin Solak, elde edilen ba\u015far\u0131dan dolay\u0131 \u00f6\u011frenci Nermin Ko\u00e7\u2019u ve S\u0131n\u0131f \u00d6\u011fretmeni Semra B\u00fclb\u00fcl\u2019\u00fc tebrik ederek, ba\u015far\u0131lar\u0131n\u0131n devam\u0131n\u0131 diledi.<br \/><\/p>\n","protected":false},"excerpt":{"rendered":"<p>K\u00fctahya \u0130l Milli E\u011fitim M\u00fcd\u00fcrl\u00fc\u011f\u00fc taraf\u0131ndan y\u00fcr\u00fct\u00fclen &#8220;43 Ad\u0131m&#8221; projesi kapsam\u0131nda, &#8220;Okulda Nezaket Hareketi&#8221; etkinlikleri \u00e7er\u00e7evesinde d\u00fczenlenen resim yar\u0131\u015fmas\u0131nda Hisarc\u0131k Atat\u00fcrk \u0130lkokulu \u00f6\u011frencisi Nermin Ko\u00e7, il genelinde \u00fc\u00e7\u00fcnc\u00fc oldu. \u0130lkokullar aras\u0131 d\u00fczenlenen yar\u0131\u015fmada dereceye giren Hisarc\u0131k Atat\u00fcrk \u0130lkokulu 3-B s\u0131n\u0131f\u0131 \u00f6\u011frencisi Nermin Ko\u00e7\u2019a, \u0130l Milli E\u011fitim M\u00fcd\u00fcrl\u00fc\u011f\u00fc taraf\u0131ndan g\u00f6nderilen ba\u015far\u0131 belgesi Okul M\u00fcd\u00fcr\u00fc Pelin Solak&#8230;<\/p>\n","protected":false},"author":1,"featured_media":85302,"comment_status":"open","ping_status":"open","sticky":false,"template":"","format":"standard","meta":{"_crdt_document":"","footnotes":""},"categories":[1],"tags":[],"class_list":["post-85301","post","type-post","status-publish","format-standard","has-post-thumbnail","hentry","category-guncel"],"_links":{"self":[{"href":"https:\/\/www.egemtv.com\/index.php?rest_route=\/wp\/v2\/posts\/85301","targetHints":{"allow":["GET"]}}],"collection":[{"href":"https:\/\/www.egemtv.com\/index.php?rest_route=\/wp\/v2\/posts"}],"about":[{"href":"https:\/\/www.egemtv.com\/index.php?rest_route=\/wp\/v2\/types\/post"}],"author":[{"embeddable":true,"href":"https:\/\/www.egemtv.com\/index.php?rest_route=\/wp\/v2\/users\/1"}],"replies":[{"embeddable":true,"href":"https:\/\/www.egemtv.com\/index.php?rest_route=%2Fwp%2Fv2%2Fcomments&post=85301"}],"version-history":[{"count":1,"href":"https:\/\/www.egemtv.com\/index.php?rest_route=\/wp\/v2\/posts\/85301\/revisions"}],"predecessor-version":[{"id":85303,"href":"https:\/\/www.egemtv.com\/index.php?rest_route=\/wp\/v2\/posts\/85301\/revisions\/85303"}],"wp:featuredmedia":[{"embeddable":true,"href":"https:\/\/www.egemtv.com\/index.php?rest_route=\/wp\/v2\/media\/85302"}],"wp:attachment":[{"href":"https:\/\/www.egemtv.com\/index.php?rest_route=%2Fwp%2Fv2%2Fmedia&parent=85301"}],"wp:term":[{"taxonomy":"category","embeddable":true,"href":"https:\/\/www.egemtv.com\/index.php?rest_route=%2Fwp%2Fv2%2Fcategories&post=85301"},{"taxonomy":"post_tag","embeddable":true,"href":"https:\/\/www.egemtv.com\/index.php?rest_route=%2Fwp%2Fv2%2Ftags&post=85301"}],"curies":[{"name":"wp","href":"https:\/\/api.w.org\/{rel}","templated":true}]}}