{"id":85295,"date":"2026-02-04T12:34:57","date_gmt":"2026-02-04T09:34:57","guid":{"rendered":"https:\/\/www.egemtv.com\/?p=85295"},"modified":"2026-02-04T12:34:59","modified_gmt":"2026-02-04T09:34:59","slug":"burdurda-sehirlerarasi-yolcu-tasimaciligina-denetim","status":"publish","type":"post","link":"https:\/\/www.egemtv.com\/?p=85295","title":{"rendered":"Burdur\u2019da \u015fehirleraras\u0131 yolcu ta\u015f\u0131mac\u0131l\u0131\u011f\u0131na denetim"},"content":{"rendered":"<p>Burdur\u2019da polis ekipleri taraf\u0131nda \u015fehirleraras\u0131 yolcu ta\u015f\u0131yan ara\u00e7lara y\u00f6nelik yap\u0131lan trafik denetiminde 323 ara\u00e7 ve s\u00fcr\u00fcc\u00fcs\u00fc kontrol edilirken kurallara uymayan 4 ara\u00e7 ve s\u00fcr\u00fcc\u00fcs\u00fcne idari para cezas\u0131 uyguland\u0131.<br \/>\n<br \/>Edinilen bilgiye g\u00f6re, Burdur \u0130l Emniyet M\u00fcd\u00fcrl\u00fc\u011f\u00fc trafik ekiplerince, vatanda\u015flar\u0131n huzur ve g\u00fcvenli\u011finin sa\u011flanmas\u0131, trafik kazalar\u0131n\u0131n \u00f6nlenmesi amac\u0131yla 30-31 Ocak ve 01 \u015eubat tarihleri aras\u0131nda il genelinde denetim ger\u00e7ekle\u015ftirildi. \u015eehirleraras\u0131 yolcu ta\u015f\u0131yan ara\u00e7lara y\u00f6nelik yap\u0131lan uygulamalarda 323 ara\u00e7 ve s\u00fcr\u00fcc\u00fcs\u00fc kontrol edilirken, trafik kurallar\u0131na uymad\u0131\u011f\u0131 tespit edilen 4 ara\u00e7 ve s\u00fcr\u00fcc\u00fcs\u00fcne idari para cezas\u0131 uyguland\u0131.<br \/><\/p>\n","protected":false},"excerpt":{"rendered":"<p>Burdur\u2019da polis ekipleri taraf\u0131nda \u015fehirleraras\u0131 yolcu ta\u015f\u0131yan ara\u00e7lara y\u00f6nelik yap\u0131lan trafik denetiminde 323 ara\u00e7 ve s\u00fcr\u00fcc\u00fcs\u00fc kontrol edilirken kurallara uymayan 4 ara\u00e7 ve s\u00fcr\u00fcc\u00fcs\u00fcne idari para cezas\u0131 uyguland\u0131. Edinilen bilgiye g\u00f6re, Burdur \u0130l Emniyet M\u00fcd\u00fcrl\u00fc\u011f\u00fc trafik ekiplerince, vatanda\u015flar\u0131n huzur ve g\u00fcvenli\u011finin sa\u011flanmas\u0131, trafik kazalar\u0131n\u0131n \u00f6nlenmesi amac\u0131yla 30-31 Ocak ve 01 \u015eubat tarihleri aras\u0131nda il genelinde&#8230;<\/p>\n","protected":false},"author":1,"featured_media":85296,"comment_status":"open","ping_status":"open","sticky":false,"template":"","format":"standard","meta":{"_crdt_document":"","footnotes":""},"categories":[5],"tags":[],"class_list":["post-85295","post","type-post","status-publish","format-standard","has-post-thumbnail","hentry","category-asayis"],"_links":{"self":[{"href":"https:\/\/www.egemtv.com\/index.php?rest_route=\/wp\/v2\/posts\/85295","targetHints":{"allow":["GET"]}}],"collection":[{"href":"https:\/\/www.egemtv.com\/index.php?rest_route=\/wp\/v2\/posts"}],"about":[{"href":"https:\/\/www.egemtv.com\/index.php?rest_route=\/wp\/v2\/types\/post"}],"author":[{"embeddable":true,"href":"https:\/\/www.egemtv.com\/index.php?rest_route=\/wp\/v2\/users\/1"}],"replies":[{"embeddable":true,"href":"https:\/\/www.egemtv.com\/index.php?rest_route=%2Fwp%2Fv2%2Fcomments&post=85295"}],"version-history":[{"count":1,"href":"https:\/\/www.egemtv.com\/index.php?rest_route=\/wp\/v2\/posts\/85295\/revisions"}],"predecessor-version":[{"id":85297,"href":"https:\/\/www.egemtv.com\/index.php?rest_route=\/wp\/v2\/posts\/85295\/revisions\/85297"}],"wp:featuredmedia":[{"embeddable":true,"href":"https:\/\/www.egemtv.com\/index.php?rest_route=\/wp\/v2\/media\/85296"}],"wp:attachment":[{"href":"https:\/\/www.egemtv.com\/index.php?rest_route=%2Fwp%2Fv2%2Fmedia&parent=85295"}],"wp:term":[{"taxonomy":"category","embeddable":true,"href":"https:\/\/www.egemtv.com\/index.php?rest_route=%2Fwp%2Fv2%2Fcategories&post=85295"},{"taxonomy":"post_tag","embeddable":true,"href":"https:\/\/www.egemtv.com\/index.php?rest_route=%2Fwp%2Fv2%2Ftags&post=85295"}],"curies":[{"name":"wp","href":"https:\/\/api.w.org\/{rel}","templated":true}]}}