{"id":85292,"date":"2026-02-04T12:14:55","date_gmt":"2026-02-04T09:14:55","guid":{"rendered":"https:\/\/www.egemtv.com\/?p=85292"},"modified":"2026-02-04T12:14:56","modified_gmt":"2026-02-04T09:14:56","slug":"salihlide-kadina-yonelik-siddete-karsi-kritik-zirve","status":"publish","type":"post","link":"https:\/\/www.egemtv.com\/?p=85292","title":{"rendered":"Salihli\u2019de kad\u0131na y\u00f6nelik \u015fiddete kar\u015f\u0131 kritik zirve"},"content":{"rendered":"<p>Manisa\u2019n\u0131n Salihli il\u00e7esinde kad\u0131na y\u00f6nelik \u015fiddetle m\u00fccadele kapsam\u0131nda y\u00fcr\u00fct\u00fclecek \u00e7al\u0131\u015fmalar\u0131n de\u011ferlendirilmesi amac\u0131yla toplant\u0131 d\u00fczenlendi.<br \/>\n<br \/>Kad\u0131na Y\u00f6nelik \u015eiddetle M\u00fccadele 5. Ulusal Eylem Plan\u0131 ve ilgili genelge do\u011frultusunda ger\u00e7ekle\u015ftirilen toplant\u0131, Salihli Kaymakam\u0131 Ali G\u00fcldo\u011fan ba\u015fkanl\u0131\u011f\u0131nda yap\u0131ld\u0131.<br \/>\n<br \/>Toplant\u0131da, kad\u0131na y\u00f6nelik \u015fiddetin \u00f6nlenmesine y\u00f6nelik mevcut uygulamalar ele al\u0131n\u0131rken; koruyucu ve \u00f6nleyici tedbirler, fark\u0131ndal\u0131k \u00e7al\u0131\u015fmalar\u0131n\u0131n art\u0131r\u0131lmas\u0131 ve kurumlar aras\u0131 i\u015f birli\u011finin g\u00fc\u00e7lendirilmesi konular\u0131 de\u011ferlendirildi.<br \/>\n<br \/>Ayr\u0131ca, 5. Ulusal Eylem Plan\u0131 kapsam\u0131nda sorumlu kurumlar taraf\u0131ndan y\u00fcr\u00fct\u00fclecek \u00e7al\u0131\u015fmalar, planlanan faaliyetler ve uygulanacak yol haritas\u0131 hakk\u0131nda g\u00f6r\u00fc\u015f al\u0131\u015fveri\u015finde bulunuldu. Kad\u0131na y\u00f6nelik \u015fiddetle m\u00fccadelede etkinli\u011fin art\u0131r\u0131lmas\u0131 amac\u0131yla koordinasyonun \u00f6nemine vurgu yap\u0131ld\u0131.<br \/><\/p>\n","protected":false},"excerpt":{"rendered":"<p>Manisa\u2019n\u0131n Salihli il\u00e7esinde kad\u0131na y\u00f6nelik \u015fiddetle m\u00fccadele kapsam\u0131nda y\u00fcr\u00fct\u00fclecek \u00e7al\u0131\u015fmalar\u0131n de\u011ferlendirilmesi amac\u0131yla toplant\u0131 d\u00fczenlendi. Kad\u0131na Y\u00f6nelik \u015eiddetle M\u00fccadele 5. Ulusal Eylem Plan\u0131 ve ilgili genelge do\u011frultusunda ger\u00e7ekle\u015ftirilen toplant\u0131, Salihli Kaymakam\u0131 Ali G\u00fcldo\u011fan ba\u015fkanl\u0131\u011f\u0131nda yap\u0131ld\u0131. Toplant\u0131da, kad\u0131na y\u00f6nelik \u015fiddetin \u00f6nlenmesine y\u00f6nelik mevcut uygulamalar ele al\u0131n\u0131rken; koruyucu ve \u00f6nleyici tedbirler, fark\u0131ndal\u0131k \u00e7al\u0131\u015fmalar\u0131n\u0131n art\u0131r\u0131lmas\u0131 ve kurumlar aras\u0131 i\u015f&#8230;<\/p>\n","protected":false},"author":1,"featured_media":85293,"comment_status":"open","ping_status":"open","sticky":false,"template":"","format":"standard","meta":{"_crdt_document":"","footnotes":""},"categories":[5],"tags":[],"class_list":["post-85292","post","type-post","status-publish","format-standard","has-post-thumbnail","hentry","category-asayis"],"_links":{"self":[{"href":"https:\/\/www.egemtv.com\/index.php?rest_route=\/wp\/v2\/posts\/85292","targetHints":{"allow":["GET"]}}],"collection":[{"href":"https:\/\/www.egemtv.com\/index.php?rest_route=\/wp\/v2\/posts"}],"about":[{"href":"https:\/\/www.egemtv.com\/index.php?rest_route=\/wp\/v2\/types\/post"}],"author":[{"embeddable":true,"href":"https:\/\/www.egemtv.com\/index.php?rest_route=\/wp\/v2\/users\/1"}],"replies":[{"embeddable":true,"href":"https:\/\/www.egemtv.com\/index.php?rest_route=%2Fwp%2Fv2%2Fcomments&post=85292"}],"version-history":[{"count":1,"href":"https:\/\/www.egemtv.com\/index.php?rest_route=\/wp\/v2\/posts\/85292\/revisions"}],"predecessor-version":[{"id":85294,"href":"https:\/\/www.egemtv.com\/index.php?rest_route=\/wp\/v2\/posts\/85292\/revisions\/85294"}],"wp:featuredmedia":[{"embeddable":true,"href":"https:\/\/www.egemtv.com\/index.php?rest_route=\/wp\/v2\/media\/85293"}],"wp:attachment":[{"href":"https:\/\/www.egemtv.com\/index.php?rest_route=%2Fwp%2Fv2%2Fmedia&parent=85292"}],"wp:term":[{"taxonomy":"category","embeddable":true,"href":"https:\/\/www.egemtv.com\/index.php?rest_route=%2Fwp%2Fv2%2Fcategories&post=85292"},{"taxonomy":"post_tag","embeddable":true,"href":"https:\/\/www.egemtv.com\/index.php?rest_route=%2Fwp%2Fv2%2Ftags&post=85292"}],"curies":[{"name":"wp","href":"https:\/\/api.w.org\/{rel}","templated":true}]}}