{"id":85289,"date":"2026-02-04T12:14:54","date_gmt":"2026-02-04T09:14:54","guid":{"rendered":"https:\/\/www.egemtv.com\/?p=85289"},"modified":"2026-02-04T12:14:55","modified_gmt":"2026-02-04T09:14:55","slug":"jantsadan-aciklama-sirketimize-yonelik-gerceklestirilmis-herhangi-bir-adli-sorusturma-ve-sair-tedbir-bulunmamaktadir","status":"publish","type":"post","link":"https:\/\/www.egemtv.com\/?p=85289","title":{"rendered":"Jantsa\u2019dan a\u00e7\u0131klama &#8220;\u015eirketimize y\u00f6nelik ger\u00e7ekle\u015ftirilmi\u015f herhangi bir adli soru\u015fturma ve sair tedbir bulunmamaktad\u0131r&#8221;"},"content":{"rendered":"<p>Jantsa Jant Sanayi ve Ticaret A.\u015e. Vekili Avukat Eyl\u00fcl Merve Tanr\u0131verdi, baz\u0131 bas\u0131n yay\u0131n organlar\u0131nda \u015firketin ad\u0131n\u0131n yer ald\u0131\u011f\u0131 haberlerle ilgili olarak &#8220;S\u00f6z konusu medya organlar\u0131nda iddia edildi\u011fi gibi m\u00fcvekkil \u015firketimize y\u00f6nelik ger\u00e7ekle\u015ftirilmi\u015f herhangi bir adli soru\u015fturma ve sair tedbir bulunmamaktad\u0131r&#8221; a\u00e7\u0131klamas\u0131nda bulundu.<br \/>\n<br \/>Avukat Tanr\u0131verdi a\u00e7\u0131klamas\u0131nda \u015fu ifadelere yer verdi: &#8220;Bug\u00fcn baz\u0131 bas\u0131n yay\u0131n organlar\u0131nda m\u00fcvekkil \u015firketimizin ticari itibar\u0131 ile marka de\u011ferini karalamaya y\u00f6nelik, ger\u00e7eklikten uzak, bir ba\u015fka ifadeyle &#8220;yalan&#8221; bir tak\u0131m haberlere yer verilmi\u015ftir. S\u00f6z konusu medya organlar\u0131nda iddia edildi\u011fi gibi m\u00fcvekkil \u015firketimize y\u00f6nelik ger\u00e7ekle\u015ftirilmi\u015f herhangi bir adli soru\u015fturma ve sair tedbir bulunmamaktad\u0131r. Adli makamlarca y\u00fcr\u00fct\u00fcld\u00fc\u011f\u00fc iddia edilen soru\u015fturma; birden fazla \u015firket hisselerinin al\u0131m sat\u0131m\u0131nda manip\u00fclasyon giri\u015fiminde bulunan bir tak\u0131m \u00fc\u00e7\u00fcnc\u00fc ki\u015filere y\u00f6nelik olup, m\u00fcvekkil \u015firketimizin t\u00fczel ki\u015fili\u011fi ya da y\u00f6netimine ili\u015fkin de\u011fildir. M\u00fcvekkil \u015firketimizi karalamaya y\u00f6nelik olarak yap\u0131lan\/yap\u0131lacak her t\u00fcrl\u00fc manip\u00fclatif haberle ilgili, 6362 Say\u0131l\u0131 Sermaya Piyasas\u0131 Kanunu\u2019nun 107\/2 ve 6102 Say\u0131l\u0131 T\u00fcrk Ticaret Kanunu\u2019nun 55. ve 62., 5237 Say\u0131l\u0131 T\u00fcrk Ceza Kanunu\u2019nun 217\/A maddeleri uyar\u0131nca yetkili mahkemeler nezdinde her t\u00fcrl\u00fc ceza ve tazmin haklar\u0131n\u0131n kullan\u0131laca\u011f\u0131n\u0131 kamuoyuna sayg\u0131lar\u0131m\u0131zla bildiririz&#8221;<br \/><\/p>\n","protected":false},"excerpt":{"rendered":"<p>Jantsa Jant Sanayi ve Ticaret A.\u015e. Vekili Avukat Eyl\u00fcl Merve Tanr\u0131verdi, baz\u0131 bas\u0131n yay\u0131n organlar\u0131nda \u015firketin ad\u0131n\u0131n yer ald\u0131\u011f\u0131 haberlerle ilgili olarak &#8220;S\u00f6z konusu medya organlar\u0131nda iddia edildi\u011fi gibi m\u00fcvekkil \u015firketimize y\u00f6nelik ger\u00e7ekle\u015ftirilmi\u015f herhangi bir adli soru\u015fturma ve sair tedbir bulunmamaktad\u0131r&#8221; a\u00e7\u0131klamas\u0131nda bulundu. Avukat Tanr\u0131verdi a\u00e7\u0131klamas\u0131nda \u015fu ifadelere yer verdi: &#8220;Bug\u00fcn baz\u0131 bas\u0131n yay\u0131n organlar\u0131nda&#8230;<\/p>\n","protected":false},"author":1,"featured_media":85290,"comment_status":"open","ping_status":"open","sticky":false,"template":"","format":"standard","meta":{"_crdt_document":"","footnotes":""},"categories":[1],"tags":[],"class_list":["post-85289","post","type-post","status-publish","format-standard","has-post-thumbnail","hentry","category-guncel"],"_links":{"self":[{"href":"https:\/\/www.egemtv.com\/index.php?rest_route=\/wp\/v2\/posts\/85289","targetHints":{"allow":["GET"]}}],"collection":[{"href":"https:\/\/www.egemtv.com\/index.php?rest_route=\/wp\/v2\/posts"}],"about":[{"href":"https:\/\/www.egemtv.com\/index.php?rest_route=\/wp\/v2\/types\/post"}],"author":[{"embeddable":true,"href":"https:\/\/www.egemtv.com\/index.php?rest_route=\/wp\/v2\/users\/1"}],"replies":[{"embeddable":true,"href":"https:\/\/www.egemtv.com\/index.php?rest_route=%2Fwp%2Fv2%2Fcomments&post=85289"}],"version-history":[{"count":1,"href":"https:\/\/www.egemtv.com\/index.php?rest_route=\/wp\/v2\/posts\/85289\/revisions"}],"predecessor-version":[{"id":85291,"href":"https:\/\/www.egemtv.com\/index.php?rest_route=\/wp\/v2\/posts\/85289\/revisions\/85291"}],"wp:featuredmedia":[{"embeddable":true,"href":"https:\/\/www.egemtv.com\/index.php?rest_route=\/wp\/v2\/media\/85290"}],"wp:attachment":[{"href":"https:\/\/www.egemtv.com\/index.php?rest_route=%2Fwp%2Fv2%2Fmedia&parent=85289"}],"wp:term":[{"taxonomy":"category","embeddable":true,"href":"https:\/\/www.egemtv.com\/index.php?rest_route=%2Fwp%2Fv2%2Fcategories&post=85289"},{"taxonomy":"post_tag","embeddable":true,"href":"https:\/\/www.egemtv.com\/index.php?rest_route=%2Fwp%2Fv2%2Ftags&post=85289"}],"curies":[{"name":"wp","href":"https:\/\/api.w.org\/{rel}","templated":true}]}}