{"id":85286,"date":"2026-02-04T11:55:14","date_gmt":"2026-02-04T08:55:14","guid":{"rendered":"https:\/\/www.egemtv.com\/?p=85286"},"modified":"2026-02-04T11:55:14","modified_gmt":"2026-02-04T08:55:14","slug":"aliaga-belediye-meclisinde-onemli-isimlere-vefa","status":"publish","type":"post","link":"https:\/\/www.egemtv.com\/?p=85286","title":{"rendered":"Alia\u011fa Belediye Meclisinde \u00f6nemli isimlere vefa"},"content":{"rendered":"<p>Alia\u011fa Belediye Meclisi \u015eubat Ay\u0131 Ola\u011fan Toplant\u0131s\u0131 Ba\u015fkan Serkan Acar y\u00f6netiminde ger\u00e7ekle\u015ftirildi. Tolant\u0131da, Alia\u011fal\u0131 \u00f6nemli isimlerin tesis ve farkl\u0131 yerlere verilerek ya\u015fat\u0131lmas\u0131 konular\u0131 g\u00f6r\u00fc\u015f\u00fcld\u00fc.<br \/>\n<br \/>Ba\u015fkanl\u0131ktan gelen \u00f6nergeler kapsam\u0131nda; De\u011firmendere Spor Tesisi\u2019nin ad\u0131n\u0131n \u2018Yavuz G\u00fcral De\u011firmendere Spor Tesisi\u2019 olmas\u0131, \u00c7\u0131tak Mahallesi\u2019nde Alia\u011fa Belediyesi taraf\u0131ndan projelendirilen ve yap\u0131m\u0131na ba\u015flanacak olan spor tesisinin ad\u0131n\u0131n \u2018\u00c7\u0131tak Memduh Ayd\u0131n Spor Tesisi\u2019 olmas\u0131 ve ge\u00e7ti\u011fimiz g\u00fcnlerde ebediyete u\u011furlanan ge\u00e7mi\u015f d\u00f6nem Alia\u011fa Belediye Ba\u015fkan\u0131 Hakk\u0131 \u00dclk\u00fc\u2019n\u00fcn isminin uygun bir yere verilmesi hususunda \u00e7al\u0131\u015fmalar\u0131n yap\u0131lmas\u0131 i\u00e7in \u00f6nerge oy birli\u011fi ile \u0130mar ve Hukuk Komisyonlar\u0131na havale edildi. Komisyonlarda yap\u0131lacak g\u00f6r\u00fc\u015fmeler sonras\u0131nda karar Alia\u011fa Belediyesi mart ay\u0131 toplant\u0131s\u0131nda a\u00e7\u0131klanacak.<br \/>\n<br \/>Alia\u011fa Belediye Ba\u015fkan\u0131 Serkan Acar, meclis toplant\u0131s\u0131nda ge\u00e7mi\u015f d\u00f6nem belediye ba\u015fkanlar\u0131 ile kent haf\u0131zas\u0131nda iz b\u0131rakm\u0131\u015f isimleri rahmetle anarken, J\u00fclide Oytun Sonat\u2019\u0131n da isminin \u00f6nergeye eklenmesi i\u00e7in \u015fu ifadeleri kulland\u0131: &#8220;Ben bir kez daha Alia\u011fa\u2019m\u0131za \u00f6nemli hizmetler yapan ge\u00e7mi\u015f belediye ba\u015fkanlar\u0131m\u0131zdan Hakk\u0131 \u00dclk\u00fc\u2019y\u00fc rahmetle yad ediyorum, sevenlerine ve Alia\u011fa\u2019m\u0131za ba\u015fsa\u011fl\u0131\u011f\u0131 diliyorum. Yavuz G\u00fcral ve Memduh Ayd\u0131n karde\u015flerimize de Allah\u2019tan rahmet diliyorum. Ayn\u0131 tarihte bir kayb\u0131m\u0131z daha oldu. 1982-1984 y\u0131llar\u0131 aras\u0131nda Alia\u011fa Belediye Ba\u015fkanl\u0131\u011f\u0131 yapan Erdo\u011fan Oytun\u2019un k\u0131z\u0131 J\u00fclide Oytun Sonat\u2019\u0131 da kaybettik. Bu \u00f6nergenin i\u00e7ine onun da eklenmesinin do\u011fru olaca\u011f\u0131n\u0131 d\u00fc\u015f\u00fcn\u00fcyorum. Kendisi kad\u0131n basketbolunda \u00f6nc\u00fc bir isimdi; milli basketbolcu olarak \u00fclkemizi temsil etti ve spor y\u00f6neticili\u011fi yapt\u0131. Kendisini de rahmetle yad ediyorum.&#8221;<br \/><\/p>\n","protected":false},"excerpt":{"rendered":"<p>Alia\u011fa Belediye Meclisi \u015eubat Ay\u0131 Ola\u011fan Toplant\u0131s\u0131 Ba\u015fkan Serkan Acar y\u00f6netiminde ger\u00e7ekle\u015ftirildi. Tolant\u0131da, Alia\u011fal\u0131 \u00f6nemli isimlerin tesis ve farkl\u0131 yerlere verilerek ya\u015fat\u0131lmas\u0131 konular\u0131 g\u00f6r\u00fc\u015f\u00fcld\u00fc. Ba\u015fkanl\u0131ktan gelen \u00f6nergeler kapsam\u0131nda; De\u011firmendere Spor Tesisi\u2019nin ad\u0131n\u0131n \u2018Yavuz G\u00fcral De\u011firmendere Spor Tesisi\u2019 olmas\u0131, \u00c7\u0131tak Mahallesi\u2019nde Alia\u011fa Belediyesi taraf\u0131ndan projelendirilen ve yap\u0131m\u0131na ba\u015flanacak olan spor tesisinin ad\u0131n\u0131n \u2018\u00c7\u0131tak Memduh Ayd\u0131n Spor&#8230;<\/p>\n","protected":false},"author":1,"featured_media":85287,"comment_status":"open","ping_status":"open","sticky":false,"template":"","format":"standard","meta":{"_crdt_document":"","footnotes":""},"categories":[1],"tags":[],"class_list":["post-85286","post","type-post","status-publish","format-standard","has-post-thumbnail","hentry","category-guncel"],"_links":{"self":[{"href":"https:\/\/www.egemtv.com\/index.php?rest_route=\/wp\/v2\/posts\/85286","targetHints":{"allow":["GET"]}}],"collection":[{"href":"https:\/\/www.egemtv.com\/index.php?rest_route=\/wp\/v2\/posts"}],"about":[{"href":"https:\/\/www.egemtv.com\/index.php?rest_route=\/wp\/v2\/types\/post"}],"author":[{"embeddable":true,"href":"https:\/\/www.egemtv.com\/index.php?rest_route=\/wp\/v2\/users\/1"}],"replies":[{"embeddable":true,"href":"https:\/\/www.egemtv.com\/index.php?rest_route=%2Fwp%2Fv2%2Fcomments&post=85286"}],"version-history":[{"count":1,"href":"https:\/\/www.egemtv.com\/index.php?rest_route=\/wp\/v2\/posts\/85286\/revisions"}],"predecessor-version":[{"id":85288,"href":"https:\/\/www.egemtv.com\/index.php?rest_route=\/wp\/v2\/posts\/85286\/revisions\/85288"}],"wp:featuredmedia":[{"embeddable":true,"href":"https:\/\/www.egemtv.com\/index.php?rest_route=\/wp\/v2\/media\/85287"}],"wp:attachment":[{"href":"https:\/\/www.egemtv.com\/index.php?rest_route=%2Fwp%2Fv2%2Fmedia&parent=85286"}],"wp:term":[{"taxonomy":"category","embeddable":true,"href":"https:\/\/www.egemtv.com\/index.php?rest_route=%2Fwp%2Fv2%2Fcategories&post=85286"},{"taxonomy":"post_tag","embeddable":true,"href":"https:\/\/www.egemtv.com\/index.php?rest_route=%2Fwp%2Fv2%2Ftags&post=85286"}],"curies":[{"name":"wp","href":"https:\/\/api.w.org\/{rel}","templated":true}]}}