{"id":85283,"date":"2026-02-04T11:55:12","date_gmt":"2026-02-04T08:55:12","guid":{"rendered":"https:\/\/www.egemtv.com\/?p=85283"},"modified":"2026-02-04T11:55:13","modified_gmt":"2026-02-04T08:55:13","slug":"yargitay-ve-bam-uyeleri-izmirde-bulustu-yargida-ictihat-uyumu-masada","status":"publish","type":"post","link":"https:\/\/www.egemtv.com\/?p=85283","title":{"rendered":"Yarg\u0131tay ve BAM \u00fcyeleri \u0130zmir\u2019de bulu\u015ftu: Yarg\u0131da \u2018i\u00e7tihat uyumu\u2019 masada"},"content":{"rendered":"<p>Yarg\u0131tay Ba\u015fkanl\u0131\u011f\u0131 taraf\u0131ndan projelendirilen &#8220;B\u00f6lge Adliye Mahkemeleri Kararlar\u0131n\u0131n Yarg\u0131tay \u0130\u00e7tihatlar\u0131na Uyumu \u00c7al\u0131\u015ftay\u0131&#8221;n\u0131n ikincisi, \u0130zmir\u2019de ba\u015flad\u0131. 4-8 \u015eubat tarihleri aras\u0131nda ger\u00e7ekle\u015ftirilen \u00e7al\u0131\u015ftay\u0131n a\u00e7\u0131l\u0131\u015f\u0131nda konu\u015fan Yarg\u0131tay Ba\u015fkan\u0131 \u00d6mer Kerkez, ana hedeflerinin &#8220;ayn\u0131 olaylara ayn\u0131 kararlar\u0131n verilmesi&#8221; oldu\u011funu vurgulad\u0131.<br \/>\n<br \/>Yarg\u0131tay tetkik hakimleri, ilgili daire \u00fcyeleri ve \u00f6zellikle deprem b\u00f6lgesinde g\u00f6rev yapan B\u00f6lge Adliye Mahkemesi (BAM) ba\u015fkan ve \u00fcyelerinin kat\u0131l\u0131m\u0131yla d\u00fczenlenen \u00e7al\u0131\u015ftay, \u0130zmir\u2019deki bir otelin konferans salonunda s\u00fcrd\u00fc. Temel amac\u0131 yarg\u0131 kararlar\u0131nda birli\u011fin sa\u011flanmas\u0131 olarak a\u00e7\u0131klanan \u00e7al\u0131\u015ftayla birlikte, BAM kararlar\u0131n\u0131n Yarg\u0131tay i\u00e7tihatlar\u0131yla uyumlu hale getirilmesi, hukuki \u00f6ng\u00f6r\u00fclebilirli\u011fin g\u00fc\u00e7lendirilmesi ve vatanda\u015flar\u0131n adalete olan g\u00fcveninin art\u0131r\u0131lmas\u0131 hedefleniyor.<\/p>\n<p>&#8220;Ana temam\u0131z kar\u015f\u0131l\u0131kl\u0131 fikir al\u0131\u015fveri\u015fi&#8221;<br \/>\n<br \/>\u00c7al\u0131\u015ftay\u0131n a\u00e7\u0131l\u0131\u015f konu\u015fmas\u0131n\u0131 ger\u00e7ekle\u015ftiren Yarg\u0131tay Ba\u015fkan\u0131 \u00d6mer Kerkez, projenin \u00e7\u0131k\u0131\u015f noktas\u0131n\u0131 \u015fu s\u00f6zlerle aktard\u0131:<br \/>\n<br \/>&#8220;Yarg\u0131tay olarak bu projeyi hayata ge\u00e7irme fikrini d\u00fc\u015f\u00fcnd\u00fc\u011f\u00fcm\u00fczde ana temam\u0131z; b\u00f6lge adliye mahkemelerimizle \u00f6zellikle bir araya gelmek, kararlar konusunda kar\u015f\u0131l\u0131kl\u0131 fikir al\u0131\u015fveri\u015finde bulunmak, Yarg\u0131tay uygulamalar\u0131n\u0131 birinci elden izah etmek ve kar\u015f\u0131l\u0131kl\u0131 bir uyum sa\u011flamakt\u0131. Bunun do\u011fal sonucu olarak da vatanda\u015flar\u0131m\u0131z a\u00e7\u0131s\u0131ndan hukuki g\u00fcvenilirli\u011fin tesis edilmesini hedefledik.&#8221;<\/p>\n<p>G\u00fcndem: Deprem dosyalar\u0131<br \/>\n<br \/>\u0130lk \u00e7al\u0131\u015ftay\u0131n Kas\u0131m ay\u0131nda Kadastro ve Orman Hukuku \u00fczerine yap\u0131ld\u0131\u011f\u0131n\u0131 hat\u0131rlatan Kerkez, ikinci ve \u00fc\u00e7\u00fcnc\u00fc toplant\u0131lar\u0131n ana temas\u0131n\u0131n &#8220;deprem&#8221; olarak belirlendi\u011fini ifade etti. Kendisi de Hatayl\u0131 olan ve depremin ac\u0131lar\u0131n\u0131 yak\u0131ndan hissetti\u011fini belirten Ba\u015fkan Kerkez, on binlerce dosyan\u0131n yarg\u0131 s\u00fcrecine ta\u015f\u0131nd\u0131\u011f\u0131na dikkat \u00e7ekti.<br \/>\n<br \/>Deprem dosyalar\u0131nda h\u0131zl\u0131 ve adil kararlar\u0131n \u00f6nemine de\u011finen Kerkez, \u015fu de\u011ferlendirmelerde bulundu:<br \/>\n<br \/>&#8220;Bu dosyalar\u0131n; ilk derece mahkemelerinden b\u00f6lge adliye mahkemelerine ve Yarg\u0131tay\u2019a uzanan s\u00fcre\u00e7te uyum i\u00e7inde karara ba\u011flanmas\u0131n\u0131 istiyoruz. \u00c7al\u0131\u015ftay\u0131m\u0131z\u0131n ana slogan\u0131; \u2019Ayn\u0131 olaylara ayn\u0131 kararlar\u2019d\u0131r. Vatanda\u015f\u0131m\u0131z \u00f6zellikle deprem dosyalar\u0131nda hem h\u0131zl\u0131 hem adil hem de ma\u011fduriyetini giderecek kararlar beklemektedir. Bunu sa\u011flamak hepimizin ortak sorumlulu\u011fudur.&#8221;<\/p>\n<p>&#8220;Aile i\u00e7i de\u011ferlendirme&#8221;<br \/>\n<br \/>Toplant\u0131n\u0131n yap\u0131s\u0131na dair de bilgi veren Kerkez, \u00e7al\u0131\u015ftay\u0131n &#8220;biz bize&#8221; bir de\u011ferlendirme ortam\u0131 sunmas\u0131 i\u00e7in samimi bir anlay\u0131\u015fla kurguland\u0131\u011f\u0131n\u0131 ifade ederek, s\u00fcreci bir &#8220;aile i\u00e7i de\u011ferlendirme&#8221; olarak nitelendirdi. \u00c7al\u0131\u015ftay, 8 \u015eubat tarihine kadar \u0130zmir\u2019de devam edecek.<br \/>\n<br \/>\u00c7al\u0131\u015ftaya Yarg\u0131tay Ba\u015fkan\u0131 \u00d6mer Kerkez ile birlikte \u0130zmir Cumhuriyet Ba\u015fsavc\u0131s\u0131 Ali Yeldan ve yarg\u0131 camias\u0131 temsilcileri kat\u0131ld\u0131.<br \/><\/p>\n","protected":false},"excerpt":{"rendered":"<p>Yarg\u0131tay Ba\u015fkanl\u0131\u011f\u0131 taraf\u0131ndan projelendirilen &#8220;B\u00f6lge Adliye Mahkemeleri Kararlar\u0131n\u0131n Yarg\u0131tay \u0130\u00e7tihatlar\u0131na Uyumu \u00c7al\u0131\u015ftay\u0131&#8221;n\u0131n ikincisi, \u0130zmir\u2019de ba\u015flad\u0131. 4-8 \u015eubat tarihleri aras\u0131nda ger\u00e7ekle\u015ftirilen \u00e7al\u0131\u015ftay\u0131n a\u00e7\u0131l\u0131\u015f\u0131nda konu\u015fan Yarg\u0131tay Ba\u015fkan\u0131 \u00d6mer Kerkez, ana hedeflerinin &#8220;ayn\u0131 olaylara ayn\u0131 kararlar\u0131n verilmesi&#8221; oldu\u011funu vurgulad\u0131. Yarg\u0131tay tetkik hakimleri, ilgili daire \u00fcyeleri ve \u00f6zellikle deprem b\u00f6lgesinde g\u00f6rev yapan B\u00f6lge Adliye Mahkemesi (BAM) ba\u015fkan ve \u00fcyelerinin&#8230;<\/p>\n","protected":false},"author":1,"featured_media":85284,"comment_status":"open","ping_status":"open","sticky":false,"template":"","format":"standard","meta":{"_crdt_document":"","footnotes":""},"categories":[1],"tags":[],"class_list":["post-85283","post","type-post","status-publish","format-standard","has-post-thumbnail","hentry","category-guncel"],"_links":{"self":[{"href":"https:\/\/www.egemtv.com\/index.php?rest_route=\/wp\/v2\/posts\/85283","targetHints":{"allow":["GET"]}}],"collection":[{"href":"https:\/\/www.egemtv.com\/index.php?rest_route=\/wp\/v2\/posts"}],"about":[{"href":"https:\/\/www.egemtv.com\/index.php?rest_route=\/wp\/v2\/types\/post"}],"author":[{"embeddable":true,"href":"https:\/\/www.egemtv.com\/index.php?rest_route=\/wp\/v2\/users\/1"}],"replies":[{"embeddable":true,"href":"https:\/\/www.egemtv.com\/index.php?rest_route=%2Fwp%2Fv2%2Fcomments&post=85283"}],"version-history":[{"count":1,"href":"https:\/\/www.egemtv.com\/index.php?rest_route=\/wp\/v2\/posts\/85283\/revisions"}],"predecessor-version":[{"id":85285,"href":"https:\/\/www.egemtv.com\/index.php?rest_route=\/wp\/v2\/posts\/85283\/revisions\/85285"}],"wp:featuredmedia":[{"embeddable":true,"href":"https:\/\/www.egemtv.com\/index.php?rest_route=\/wp\/v2\/media\/85284"}],"wp:attachment":[{"href":"https:\/\/www.egemtv.com\/index.php?rest_route=%2Fwp%2Fv2%2Fmedia&parent=85283"}],"wp:term":[{"taxonomy":"category","embeddable":true,"href":"https:\/\/www.egemtv.com\/index.php?rest_route=%2Fwp%2Fv2%2Fcategories&post=85283"},{"taxonomy":"post_tag","embeddable":true,"href":"https:\/\/www.egemtv.com\/index.php?rest_route=%2Fwp%2Fv2%2Ftags&post=85283"}],"curies":[{"name":"wp","href":"https:\/\/api.w.org\/{rel}","templated":true}]}}