{"id":85280,"date":"2026-02-04T11:34:59","date_gmt":"2026-02-04T08:34:59","guid":{"rendered":"https:\/\/www.egemtv.com\/?p=85280"},"modified":"2026-02-04T11:35:00","modified_gmt":"2026-02-04T08:35:00","slug":"kutahyada-21-gonulluye-afad-egitimi-verildi","status":"publish","type":"post","link":"https:\/\/www.egemtv.com\/?p=85280","title":{"rendered":"K\u00fctahya\u2019da 21 g\u00f6n\u00fcll\u00fcye AFAD e\u011fitimi verildi"},"content":{"rendered":"<p>K\u00fctahya \u0130l Afet ve Acil Durum M\u00fcd\u00fcrl\u00fc\u011f\u00fc (AFAD) taraf\u0131ndan, AFAD G\u00f6n\u00fcll\u00fcl\u00fck Sistemine e-Devlet \u00fczerinden ba\u015fvuru yapan ve \u00e7evrim i\u00e7i e\u011fitimlerini tamamlayan 21 g\u00f6n\u00fcll\u00fcye Destek AFAD G\u00f6n\u00fcll\u00fcs\u00fc E\u011fitimi verildi.<br \/>\n<br \/>AFAD \u0130l M\u00fcd\u00fcrl\u00fc\u011f\u00fc yerle\u015fkesinde d\u00fczenlenen e\u011fitim program\u0131nda; afet fark\u0131ndal\u0131\u011f\u0131, psikososyal destek ve insani yard\u0131m, yaral\u0131 ta\u015f\u0131ma teknikleri, ilkyard\u0131m fark\u0131ndal\u0131\u011f\u0131, yang\u0131n fark\u0131ndal\u0131\u011f\u0131, \u00e7ad\u0131r kurma, arama kurtarmada kullan\u0131lan malzeme, ara\u00e7 ve ekipmanlar ile ip ve d\u00fc\u011f\u00fcm teknikleri konular\u0131 detayl\u0131 \u015fekilde ele al\u0131nd\u0131.<br \/>\n<br \/>Verilen e\u011fitimlerle, g\u00f6n\u00fcll\u00fclerin afet ve acil durumlara daha bilin\u00e7li ve etkin \u015fekilde m\u00fcdahale edebilmesinin ama\u00e7lad\u0131\u011f\u0131 belirtildi.<br \/><\/p>\n","protected":false},"excerpt":{"rendered":"<p>K\u00fctahya \u0130l Afet ve Acil Durum M\u00fcd\u00fcrl\u00fc\u011f\u00fc (AFAD) taraf\u0131ndan, AFAD G\u00f6n\u00fcll\u00fcl\u00fck Sistemine e-Devlet \u00fczerinden ba\u015fvuru yapan ve \u00e7evrim i\u00e7i e\u011fitimlerini tamamlayan 21 g\u00f6n\u00fcll\u00fcye Destek AFAD G\u00f6n\u00fcll\u00fcs\u00fc E\u011fitimi verildi. AFAD \u0130l M\u00fcd\u00fcrl\u00fc\u011f\u00fc yerle\u015fkesinde d\u00fczenlenen e\u011fitim program\u0131nda; afet fark\u0131ndal\u0131\u011f\u0131, psikososyal destek ve insani yard\u0131m, yaral\u0131 ta\u015f\u0131ma teknikleri, ilkyard\u0131m fark\u0131ndal\u0131\u011f\u0131, yang\u0131n fark\u0131ndal\u0131\u011f\u0131, \u00e7ad\u0131r kurma, arama kurtarmada kullan\u0131lan malzeme,&#8230;<\/p>\n","protected":false},"author":1,"featured_media":85281,"comment_status":"open","ping_status":"open","sticky":false,"template":"","format":"standard","meta":{"_crdt_document":"","footnotes":""},"categories":[1],"tags":[],"class_list":["post-85280","post","type-post","status-publish","format-standard","has-post-thumbnail","hentry","category-guncel"],"_links":{"self":[{"href":"https:\/\/www.egemtv.com\/index.php?rest_route=\/wp\/v2\/posts\/85280","targetHints":{"allow":["GET"]}}],"collection":[{"href":"https:\/\/www.egemtv.com\/index.php?rest_route=\/wp\/v2\/posts"}],"about":[{"href":"https:\/\/www.egemtv.com\/index.php?rest_route=\/wp\/v2\/types\/post"}],"author":[{"embeddable":true,"href":"https:\/\/www.egemtv.com\/index.php?rest_route=\/wp\/v2\/users\/1"}],"replies":[{"embeddable":true,"href":"https:\/\/www.egemtv.com\/index.php?rest_route=%2Fwp%2Fv2%2Fcomments&post=85280"}],"version-history":[{"count":1,"href":"https:\/\/www.egemtv.com\/index.php?rest_route=\/wp\/v2\/posts\/85280\/revisions"}],"predecessor-version":[{"id":85282,"href":"https:\/\/www.egemtv.com\/index.php?rest_route=\/wp\/v2\/posts\/85280\/revisions\/85282"}],"wp:featuredmedia":[{"embeddable":true,"href":"https:\/\/www.egemtv.com\/index.php?rest_route=\/wp\/v2\/media\/85281"}],"wp:attachment":[{"href":"https:\/\/www.egemtv.com\/index.php?rest_route=%2Fwp%2Fv2%2Fmedia&parent=85280"}],"wp:term":[{"taxonomy":"category","embeddable":true,"href":"https:\/\/www.egemtv.com\/index.php?rest_route=%2Fwp%2Fv2%2Fcategories&post=85280"},{"taxonomy":"post_tag","embeddable":true,"href":"https:\/\/www.egemtv.com\/index.php?rest_route=%2Fwp%2Fv2%2Ftags&post=85280"}],"curies":[{"name":"wp","href":"https:\/\/api.w.org\/{rel}","templated":true}]}}