{"id":85274,"date":"2026-02-04T11:34:56","date_gmt":"2026-02-04T08:34:56","guid":{"rendered":"https:\/\/www.egemtv.com\/?p=85274"},"modified":"2026-02-04T11:34:58","modified_gmt":"2026-02-04T08:34:58","slug":"alkollu-surucunun-kullandigi-motosiklet-kazasinda-surucu-agir-yaralandi","status":"publish","type":"post","link":"https:\/\/www.egemtv.com\/?p=85274","title":{"rendered":"Alkoll\u00fc s\u00fcr\u00fcc\u00fcn\u00fcn kulland\u0131\u011f\u0131 motosiklet kazas\u0131nda s\u00fcr\u00fcc\u00fc a\u011f\u0131r yaraland\u0131"},"content":{"rendered":"<p>Isparta\u2019n\u0131n Yalva\u00e7 il\u00e7esinde gece saatlerinde meydana gelen motosiklet kazas\u0131nda s\u00fcr\u00fcc\u00fc a\u011f\u0131r yaralanarak hastaneye kald\u0131r\u0131l\u0131rken, hayati tehlikesinin devam etti\u011fi ve yap\u0131lan muayenede 0,73 promil alkoll\u00fc oldu\u011fu tespit edildi.<br \/>\n<br \/>Kaza, gece saatlerinde Yalva\u00e7 il\u00e7esi Turgut \u00d6zal Bulvar\u0131 \u00fczerindeki Yeni Hastane Kav\u015fa\u011f\u0131\u2019nda meydana geldi. Edinilen bilgilere g\u00f6re, 23 ya\u015f\u0131ndaki Suriye uyruklu Muhammed A. idaresindeki 48 AKY 422 plakal\u0131 motosiklet, s\u00fcr\u00fcc\u00fcs\u00fcn\u00fcn gidon hakimiyetini kaybetmesi sonucu savrularak yol kenar\u0131na d\u00fc\u015ft\u00fc. Kazada motosiklet s\u00fcr\u00fcc\u00fcs\u00fc Muhammed A. a\u011f\u0131r yaraland\u0131. Kazay\u0131 g\u00f6ren vatanda\u015flar\u0131n ihbar\u0131 \u00fczerine olay yerine polis ve sa\u011fl\u0131k ekipleri sevk edildi. Sa\u011fl\u0131k ekiplerinin olay yerindeki ilk m\u00fcdahalesinin ard\u0131ndan yaral\u0131, ambulansla Yalva\u00e7 Devlet Hastanesi\u2019ne kald\u0131r\u0131ld\u0131. Durumunun kritik olmas\u0131 nedeniyle Muhammed A.\u2019n\u0131n Isparta S\u00fcleyman Demirel \u00dcniversitesi T\u0131p Fak\u00fcltesi Hastanesi\u2019ne sevk edildi\u011fi ve hayati tehlikesinin devam etti\u011fi \u00f6\u011frenildi. \u00d6te yandan hastanede yap\u0131lan muayenede s\u00fcr\u00fcc\u00fcn\u00fcn 0,73 promil alkoll\u00fc oldu\u011fu tespit edilirken, kazayla ilgili inceleme ba\u015flat\u0131ld\u0131.<br \/><\/p>\n","protected":false},"excerpt":{"rendered":"<p>Isparta\u2019n\u0131n Yalva\u00e7 il\u00e7esinde gece saatlerinde meydana gelen motosiklet kazas\u0131nda s\u00fcr\u00fcc\u00fc a\u011f\u0131r yaralanarak hastaneye kald\u0131r\u0131l\u0131rken, hayati tehlikesinin devam etti\u011fi ve yap\u0131lan muayenede 0,73 promil alkoll\u00fc oldu\u011fu tespit edildi. Kaza, gece saatlerinde Yalva\u00e7 il\u00e7esi Turgut \u00d6zal Bulvar\u0131 \u00fczerindeki Yeni Hastane Kav\u015fa\u011f\u0131\u2019nda meydana geldi. Edinilen bilgilere g\u00f6re, 23 ya\u015f\u0131ndaki Suriye uyruklu Muhammed A. idaresindeki 48 AKY 422 plakal\u0131&#8230;<\/p>\n","protected":false},"author":1,"featured_media":85275,"comment_status":"open","ping_status":"open","sticky":false,"template":"","format":"standard","meta":{"_crdt_document":"","footnotes":""},"categories":[5],"tags":[],"class_list":["post-85274","post","type-post","status-publish","format-standard","has-post-thumbnail","hentry","category-asayis"],"_links":{"self":[{"href":"https:\/\/www.egemtv.com\/index.php?rest_route=\/wp\/v2\/posts\/85274","targetHints":{"allow":["GET"]}}],"collection":[{"href":"https:\/\/www.egemtv.com\/index.php?rest_route=\/wp\/v2\/posts"}],"about":[{"href":"https:\/\/www.egemtv.com\/index.php?rest_route=\/wp\/v2\/types\/post"}],"author":[{"embeddable":true,"href":"https:\/\/www.egemtv.com\/index.php?rest_route=\/wp\/v2\/users\/1"}],"replies":[{"embeddable":true,"href":"https:\/\/www.egemtv.com\/index.php?rest_route=%2Fwp%2Fv2%2Fcomments&post=85274"}],"version-history":[{"count":1,"href":"https:\/\/www.egemtv.com\/index.php?rest_route=\/wp\/v2\/posts\/85274\/revisions"}],"predecessor-version":[{"id":85276,"href":"https:\/\/www.egemtv.com\/index.php?rest_route=\/wp\/v2\/posts\/85274\/revisions\/85276"}],"wp:featuredmedia":[{"embeddable":true,"href":"https:\/\/www.egemtv.com\/index.php?rest_route=\/wp\/v2\/media\/85275"}],"wp:attachment":[{"href":"https:\/\/www.egemtv.com\/index.php?rest_route=%2Fwp%2Fv2%2Fmedia&parent=85274"}],"wp:term":[{"taxonomy":"category","embeddable":true,"href":"https:\/\/www.egemtv.com\/index.php?rest_route=%2Fwp%2Fv2%2Fcategories&post=85274"},{"taxonomy":"post_tag","embeddable":true,"href":"https:\/\/www.egemtv.com\/index.php?rest_route=%2Fwp%2Fv2%2Ftags&post=85274"}],"curies":[{"name":"wp","href":"https:\/\/api.w.org\/{rel}","templated":true}]}}