{"id":85271,"date":"2026-02-04T11:14:48","date_gmt":"2026-02-04T08:14:48","guid":{"rendered":"https:\/\/www.egemtv.com\/?p=85271"},"modified":"2026-02-04T11:14:49","modified_gmt":"2026-02-04T08:14:49","slug":"tavsanlida-yogun-sis-nedeniyle-gorus-mesafesi-dustu","status":"publish","type":"post","link":"https:\/\/www.egemtv.com\/?p=85271","title":{"rendered":"Tav\u015fanl\u0131\u2019da yo\u011fun sis nedeniyle g\u00f6r\u00fc\u015f mesafesi d\u00fc\u015ft\u00fc"},"content":{"rendered":"<p>K\u00fctahya\u2019n\u0131n Tav\u015fanl\u0131 il\u00e7esinde sabah saatlerinde etkili olan yo\u011fun sis, hayat\u0131 olumsuz etkiledi. G\u00f6r\u00fc\u015f mesafesinin yer yer 50 metreye kadar d\u00fc\u015ft\u00fc\u011f\u00fc il\u00e7ede s\u00fcr\u00fcc\u00fcler k\u0131smen zor anlar ya\u015fad\u0131.<br \/>\n<br \/>Tav\u015fanl\u0131 genelinde sabah\u0131n erken saatlerinden itibaren etkisini g\u00f6steren yo\u011fun sis, \u00f6zellikle \u015fehir i\u00e7i etkili oldu. \u0130l\u00e7e merkezinde ve \u00e7evre yollar\u0131nda g\u00f6r\u00fc\u015f mesafesi yer yer 50 metrenin alt\u0131na kadar geriledi. G\u00fcne yo\u011fun sisle uyanan vatanda\u015flar, i\u015f yerlerine gitmekte g\u00fc\u00e7l\u00fck \u00e7ekti. Sis nedeniyle trafik ak\u0131\u015f\u0131 yava\u015flarken, s\u00fcr\u00fcc\u00fcler ara\u00e7lar\u0131n\u0131n farlar\u0131n\u0131 yakarak ve h\u0131zlar\u0131n\u0131 d\u00fc\u015f\u00fcrerek ilerleyebildi. Trafik ekipleri, \u00f6zellikle ana arterler ve kav\u015fak noktalar\u0131nda s\u00fcr\u00fcc\u00fcleri takip mesafelerini korumalar\u0131 ve a\u015f\u0131r\u0131 h\u0131zdan ka\u00e7\u0131nmalar\u0131 konusunda uyard\u0131.<br \/>\n<br \/>Hava s\u0131cakl\u0131\u011f\u0131n\u0131n hissedilir derecede d\u00fc\u015ft\u00fc\u011f\u00fc il\u00e7ede, sisin \u00f6\u011fle saatlerine do\u011fru etkisini kaybetmesi bekleniyor. Yetkililer, sisli havan\u0131n ilerleyen saatlerde de yer yer devam edebilece\u011fini belirterek vatanda\u015flar\u0131n tedbirli olmas\u0131 gerekti\u011fini vurgulad\u0131.<br \/><\/p>\n","protected":false},"excerpt":{"rendered":"<p>K\u00fctahya\u2019n\u0131n Tav\u015fanl\u0131 il\u00e7esinde sabah saatlerinde etkili olan yo\u011fun sis, hayat\u0131 olumsuz etkiledi. G\u00f6r\u00fc\u015f mesafesinin yer yer 50 metreye kadar d\u00fc\u015ft\u00fc\u011f\u00fc il\u00e7ede s\u00fcr\u00fcc\u00fcler k\u0131smen zor anlar ya\u015fad\u0131. Tav\u015fanl\u0131 genelinde sabah\u0131n erken saatlerinden itibaren etkisini g\u00f6steren yo\u011fun sis, \u00f6zellikle \u015fehir i\u00e7i etkili oldu. \u0130l\u00e7e merkezinde ve \u00e7evre yollar\u0131nda g\u00f6r\u00fc\u015f mesafesi yer yer 50 metrenin alt\u0131na kadar geriledi&#8230;.<\/p>\n","protected":false},"author":1,"featured_media":85272,"comment_status":"open","ping_status":"open","sticky":false,"template":"","format":"standard","meta":{"_crdt_document":"","footnotes":""},"categories":[1],"tags":[],"class_list":["post-85271","post","type-post","status-publish","format-standard","has-post-thumbnail","hentry","category-guncel"],"_links":{"self":[{"href":"https:\/\/www.egemtv.com\/index.php?rest_route=\/wp\/v2\/posts\/85271","targetHints":{"allow":["GET"]}}],"collection":[{"href":"https:\/\/www.egemtv.com\/index.php?rest_route=\/wp\/v2\/posts"}],"about":[{"href":"https:\/\/www.egemtv.com\/index.php?rest_route=\/wp\/v2\/types\/post"}],"author":[{"embeddable":true,"href":"https:\/\/www.egemtv.com\/index.php?rest_route=\/wp\/v2\/users\/1"}],"replies":[{"embeddable":true,"href":"https:\/\/www.egemtv.com\/index.php?rest_route=%2Fwp%2Fv2%2Fcomments&post=85271"}],"version-history":[{"count":1,"href":"https:\/\/www.egemtv.com\/index.php?rest_route=\/wp\/v2\/posts\/85271\/revisions"}],"predecessor-version":[{"id":85273,"href":"https:\/\/www.egemtv.com\/index.php?rest_route=\/wp\/v2\/posts\/85271\/revisions\/85273"}],"wp:featuredmedia":[{"embeddable":true,"href":"https:\/\/www.egemtv.com\/index.php?rest_route=\/wp\/v2\/media\/85272"}],"wp:attachment":[{"href":"https:\/\/www.egemtv.com\/index.php?rest_route=%2Fwp%2Fv2%2Fmedia&parent=85271"}],"wp:term":[{"taxonomy":"category","embeddable":true,"href":"https:\/\/www.egemtv.com\/index.php?rest_route=%2Fwp%2Fv2%2Fcategories&post=85271"},{"taxonomy":"post_tag","embeddable":true,"href":"https:\/\/www.egemtv.com\/index.php?rest_route=%2Fwp%2Fv2%2Ftags&post=85271"}],"curies":[{"name":"wp","href":"https:\/\/api.w.org\/{rel}","templated":true}]}}