{"id":85265,"date":"2026-02-04T10:55:06","date_gmt":"2026-02-04T07:55:06","guid":{"rendered":"https:\/\/www.egemtv.com\/?p=85265"},"modified":"2026-02-04T10:55:07","modified_gmt":"2026-02-04T07:55:07","slug":"eski-boksor-babanin-minik-sporcu-cocuklari-karatede-turkiye-zirvesine-cikti","status":"publish","type":"post","link":"https:\/\/www.egemtv.com\/?p=85265","title":{"rendered":"Eski boks\u00f6r baban\u0131n minik sporcu \u00e7ocuklar\u0131 karatede T\u00fcrkiye zirvesine \u00e7\u0131kt\u0131"},"content":{"rendered":"<p>T\u00fcrkiye Karate Federasyonu taraf\u0131ndan ilk kez d\u00fczenlenen Y\u0131ld\u0131zlar Ligi m\u00fcsabakalar\u0131nda ye\u015fil-mavi grupta m\u00fccadele eden 8 ve 9 ya\u015f\u0131ndaki Mehmet ve Meri\u00e7 \u00dcnal karde\u015fler, kat\u0131ld\u0131klar\u0131 \u00fc\u00e7 etapta da alt\u0131n madalya kazanarak T\u00fcrkiye birincisi oldu. \u00c7ocuklar\u0131n\u0131n ba\u015far\u0131lar\u0131yla gurur duydu\u011funu belirten, eski boks\u00f6r baba Murat \u00dcnal ise \u00e7ocuklar\u0131n\u0131 spora y\u00f6nlendirmeyi \u00f6zellikle tercih etti\u011fini s\u00f6yleyerek, &#8220;Bana hayat\u0131m\u0131n en g\u00fczel g\u00fcnlerini ya\u015fat\u0131yorlar. Her g\u00fcn\u00fcm\u00fc bir \u015fampiyon babas\u0131 olarak kutluyorum. \u0130n\u015fallah ileride d\u00fcnya \u015fampiyonlu\u011fu, olimpiyat \u015fampiyonlu\u011fu gibi b\u00fcy\u00fck ba\u015far\u0131lara da imza atacaklar&#8221; dedi.<br \/>\n<br \/>T\u00fcrkiye Karate Federasyonu taraf\u0131ndan ilk kez organize edilen Y\u0131ld\u0131zlar Ligi m\u00fcsabakalar\u0131nda ye\u015fil-mavi grupta yar\u0131\u015fan Mehmet ve Meri\u00e7 \u00dcnal karde\u015fler, Denizli\u2019de d\u00fczenlenen 1. etap, Manisa\u2019da ger\u00e7ekle\u015ftirilen 2. etap ve T\u00fcrkiye finalinde rakiplerini geride b\u0131rakarak \u00fc\u00e7 yar\u0131\u015fmada da alt\u0131n madalya kazand\u0131. \u00dc\u00e7 etap sonunda da k\u00fcrs\u00fcn\u00fcn zirvesinde yer alan \u00dcnal karde\u015fler, bu sonu\u00e7larla Y\u0131ld\u0131zlar Ligi\u2019nde T\u00fcrkiye \u015fampiyonu olmay\u0131 ba\u015fard\u0131. Gen\u00e7 ya\u015flar\u0131na ra\u011fmen elde ettikleri ba\u015far\u0131yla dikkat \u00e7eken sporcular, karate camias\u0131nda takdir toplad\u0131.<\/p>\n<p>Kadir Karaka\u015f: &#8220;Bu ba\u015far\u0131 arkadan gelen \u00e7ocuklara da \u00f6rnek oldu&#8221;<br \/>\n<br \/>Karate antren\u00f6r\u00fc Kadir Karaka\u015f, Mehmet ve Meri\u00e7 karde\u015flerin yakla\u015f\u0131k 1.5 y\u0131l \u00f6nce spor salonuna geldiklerini belirterek, &#8220;\u0130lk olarak hareket e\u011fitimiyle ba\u015flad\u0131k. Koordinasyon, denge ve kuvvet \u00e7al\u0131\u015fmalar\u0131 yapt\u0131k. Daha sonra karate antrenmanlar\u0131na ge\u00e7tik. Zamanla geli\u015fimlerini g\u00f6rd\u00fckten sonra m\u00fcsabakalara kat\u0131lmalar\u0131n\u0131 istedik, onlar da kabul etti. T\u00fcrkiye Karate Federasyonu taraf\u0131ndan ilk kez d\u00fczenlenen Y\u0131ld\u0131zlar Ligi m\u00fcsabakalar\u0131nda ye\u015fil-mavi grupta yar\u0131\u015ft\u0131lar. Denizli\u2019de yap\u0131lan 1. etap, Manisa\u2019daki 2. etap ve T\u00fcrkiye finalinde alt\u0131n madalya kazanarak T\u00fcrkiye \u015fampiyonu oldular. Sporcular\u0131m\u0131z\u0131n bu geli\u015fimi bizleri son derece mutlu etti. En \u00f6nemlisi, bu ba\u015far\u0131lar\u0131 arkadan gelen \u00e7ocuklara da \u00f6rnek oldu. Bu y\u00f6n\u00fcyle hem sporcular\u0131m\u0131z hem de bizler i\u00e7in \u00e7ok gurur verici bir sonu\u00e7 elde edildi&#8221; dedi.<\/p>\n<p>Meri\u00e7 \u00dcnal: &#8220;D\u00fcnya \u015fampiyonu olup \u00fclkemi temsil etmek istiyorum&#8221;<br \/>\n<br \/>8 ya\u015f\u0131ndaki Meri\u00e7 \u00dcnal ise karateye 1.5 y\u0131l \u00f6nce ba\u015flad\u0131\u011f\u0131n\u0131 ifade ederek, &#8220;Eski sporcu olan babam\u0131n beni buraya yazd\u0131rmas\u0131yla karateye ba\u015flad\u0131m. T\u00fcrkiye \u015fampiyonas\u0131nda 3 alt\u0131n madalya kazanarak 3 kez T\u00fcrkiye \u015fampiyonu oldum. Herkes beni tebrik etti, g\u00fczel s\u00f6zler s\u00f6yledi, bu beni \u00e7ok mutlu etti. T\u00fcrkiye \u015eampiyonas\u0131\u2019na tekrar gitmek, Balkan \u015eampiyonas\u0131\u2019nda yar\u0131\u015fmak istiyorum. En b\u00fcy\u00fck hayalim ise d\u00fcnya \u015fampiyonu olarak \u00fclkemi temsil etmek&#8221; diye konu\u015ftu.<\/p>\n<p>Mehmet \u00dcnal: &#8220;Spor yapmak anlat\u0131lmaz, ya\u015fan\u0131r&#8221;<br \/>\n<br \/>9 ya\u015f\u0131ndaki Mehmet \u00dcnal da karateye ba\u015flad\u0131\u011f\u0131 g\u00fcnden bu yana \u00e7ok \u00e7al\u0131\u015ft\u0131\u011f\u0131n\u0131 dile getirerek, &#8220;Babam beni buraya yazd\u0131rd\u0131\u011f\u0131nda \u00e7ok sevindim. Ba\u015flad\u0131ktan sonra \u00e7ok \u00e7al\u0131\u015ft\u0131m, \u00e7ok emek verdim. Kat\u0131ld\u0131\u011f\u0131m T\u00fcrkiye \u015eampiyonas\u0131\u2019nda 2 alt\u0131n ve 1 g\u00fcm\u00fc\u015f madalya kazand\u0131m. Akrabalar\u0131m beni tebrik etti, ben de \u00e7ok mutlu oldum. Bu duygu kelimelerle anlat\u0131lamaz, spor yapmak ve ya\u015famak gerekir. Hedefim d\u00fcnya \u015fampiyonu, Avrupa ve Balkan \u015fampiyonu olmak. Bu sporu yapmak isteyen karde\u015flerim \u00e7ok \u00e7al\u0131\u015fs\u0131n, istekli olsun ve asla vazge\u00e7mesin&#8221; c\u00fcmlelerine yer verdi.<\/p>\n<p>Murat \u00dcnal: &#8220;Aile deste\u011fi olmadan bu ba\u015far\u0131lar m\u00fcmk\u00fcn de\u011fil&#8221;<br \/>\n<br \/>Eski boks\u00f6r olan baba Murat \u00dcnal ise \u00e7ocuklar\u0131n\u0131 spora y\u00f6nlendirmeyi \u00f6zellikle tercih etti\u011fini aktararak, &#8220;\u00c7ocuklar\u0131m yakla\u015f\u0131k 1.5 y\u0131ld\u0131r antren\u00f6r\u00fcm\u00fcz Kadir Karaka\u015f e\u015fli\u011finde yo\u011fun bir e\u011fitim s\u00fcrecinden ge\u00e7ti. Kat\u0131ld\u0131klar\u0131 ilk \u00fc\u00e7 m\u00fcsabakada alt\u0131n madalya alarak ayn\u0131 d\u00f6nemde, ayn\u0131 seviyede T\u00fcrkiye \u015fampiyonu oldular. Biri 8, di\u011feri 9 ya\u015f\u0131nda olan \u00e7ocuklar\u0131mla gurur duyuyorum. Bir baba olarak onlar\u0131n ilk \u015fampiyonlu\u011funda ya\u015fad\u0131\u011f\u0131m mutluluk tarif edilemez. Bana en g\u00fczel g\u00fcnleri mi ya\u015fat\u0131yorlar. Her g\u00fcn\u00fcm\u00fc bir \u015fampiyon babas\u0131 olarak kutluyorum. \u0130n\u015fallah ileride d\u00fcnya \u015fampiyonlu\u011fu, olimpiyat \u015fampiyonlu\u011fu gibi b\u00fcy\u00fck ba\u015far\u0131lara da imza atacaklar. Aile deste\u011fi bu s\u00fcre\u00e7te \u00e7ok \u00f6nemli. Biz her g\u00fcn ortalama 4 saat antrenman yap\u0131yoruz. Antren\u00f6r\u00fcm\u00fcz \u00e7ocuklara b\u00fcy\u00fck bir ilgi ve \u00f6zveriyle yakla\u015f\u0131yor. T\u00fcm ailelerin \u00e7ocuklar\u0131n\u0131 spora y\u00f6nlendirmesi ve desteklemesi gerekti\u011fine inan\u0131yorum. B\u00f6ylece \u00e7ocuklar\u0131m\u0131z \u00fclkemizi uluslararas\u0131 arenada en iyi \u015fekilde temsil edebilir&#8221; ifadelerini kulland\u0131.<br \/><\/p>\n","protected":false},"excerpt":{"rendered":"<p>T\u00fcrkiye Karate Federasyonu taraf\u0131ndan ilk kez d\u00fczenlenen Y\u0131ld\u0131zlar Ligi m\u00fcsabakalar\u0131nda ye\u015fil-mavi grupta m\u00fccadele eden 8 ve 9 ya\u015f\u0131ndaki Mehmet ve Meri\u00e7 \u00dcnal karde\u015fler, kat\u0131ld\u0131klar\u0131 \u00fc\u00e7 etapta da alt\u0131n madalya kazanarak T\u00fcrkiye birincisi oldu. \u00c7ocuklar\u0131n\u0131n ba\u015far\u0131lar\u0131yla gurur duydu\u011funu belirten, eski boks\u00f6r baba Murat \u00dcnal ise \u00e7ocuklar\u0131n\u0131 spora y\u00f6nlendirmeyi \u00f6zellikle tercih etti\u011fini s\u00f6yleyerek, &#8220;Bana hayat\u0131m\u0131n en g\u00fczel&#8230;<\/p>\n","protected":false},"author":1,"featured_media":85266,"comment_status":"open","ping_status":"open","sticky":false,"template":"","format":"standard","meta":{"_crdt_document":"","footnotes":""},"categories":[4],"tags":[],"class_list":["post-85265","post","type-post","status-publish","format-standard","has-post-thumbnail","hentry","category-spor"],"_links":{"self":[{"href":"https:\/\/www.egemtv.com\/index.php?rest_route=\/wp\/v2\/posts\/85265","targetHints":{"allow":["GET"]}}],"collection":[{"href":"https:\/\/www.egemtv.com\/index.php?rest_route=\/wp\/v2\/posts"}],"about":[{"href":"https:\/\/www.egemtv.com\/index.php?rest_route=\/wp\/v2\/types\/post"}],"author":[{"embeddable":true,"href":"https:\/\/www.egemtv.com\/index.php?rest_route=\/wp\/v2\/users\/1"}],"replies":[{"embeddable":true,"href":"https:\/\/www.egemtv.com\/index.php?rest_route=%2Fwp%2Fv2%2Fcomments&post=85265"}],"version-history":[{"count":1,"href":"https:\/\/www.egemtv.com\/index.php?rest_route=\/wp\/v2\/posts\/85265\/revisions"}],"predecessor-version":[{"id":85267,"href":"https:\/\/www.egemtv.com\/index.php?rest_route=\/wp\/v2\/posts\/85265\/revisions\/85267"}],"wp:featuredmedia":[{"embeddable":true,"href":"https:\/\/www.egemtv.com\/index.php?rest_route=\/wp\/v2\/media\/85266"}],"wp:attachment":[{"href":"https:\/\/www.egemtv.com\/index.php?rest_route=%2Fwp%2Fv2%2Fmedia&parent=85265"}],"wp:term":[{"taxonomy":"category","embeddable":true,"href":"https:\/\/www.egemtv.com\/index.php?rest_route=%2Fwp%2Fv2%2Fcategories&post=85265"},{"taxonomy":"post_tag","embeddable":true,"href":"https:\/\/www.egemtv.com\/index.php?rest_route=%2Fwp%2Fv2%2Ftags&post=85265"}],"curies":[{"name":"wp","href":"https:\/\/api.w.org\/{rel}","templated":true}]}}