{"id":85259,"date":"2026-02-04T10:55:04","date_gmt":"2026-02-04T07:55:04","guid":{"rendered":"https:\/\/www.egemtv.com\/?p=85259"},"modified":"2026-02-04T10:55:05","modified_gmt":"2026-02-04T07:55:05","slug":"manisada-orman-yanginlarina-karsi-tedbirler-guclendiriliyor","status":"publish","type":"post","link":"https:\/\/www.egemtv.com\/?p=85259","title":{"rendered":"Manisa\u2019da orman yang\u0131nlar\u0131na kar\u015f\u0131 tedbirler g\u00fc\u00e7lendiriliyor"},"content":{"rendered":"<p>Manisa\u2019da yaz aylar\u0131nda artan orman yang\u0131n\u0131 riskine kar\u015f\u0131 m\u00fcdahale kapasitesini art\u0131rmak amac\u0131yla Orman Yang\u0131nlar\u0131yla M\u00fccadele Komisyon Toplant\u0131s\u0131 ger\u00e7ekle\u015ftirildi. Toplant\u0131 sonras\u0131 Y\u0130KOB taraf\u0131ndan temin edilen 40 su tankeri k\u0131rsal mahalle muhtarlar\u0131na teslim edildi.<br \/>\n<br \/>Yaz aylar\u0131nda artan orman yang\u0131nlar\u0131na kar\u015f\u0131 riskin en aza indirilmesi ve m\u00fcdahale kapasitesinin g\u00fc\u00e7lendirilmesi amac\u0131yla Orman Yang\u0131nlar\u0131yla M\u00fccadele Komisyon Toplant\u0131s\u0131, Sabuncubeli Sosyal Tesisleri\u2019nde Vali Vahdettin \u00d6zkan ba\u015fkanl\u0131\u011f\u0131nda ger\u00e7ekle\u015ftirildi.<br \/>\n<br \/>Toplant\u0131ya \u0130l Jandarma Komutan\u0131 Tu\u011fgeneral \u0130lhan \u015een, Vali Yard\u0131mc\u0131lar\u0131 Hikmet Denge\u015fik, Mustafa Harputlu, Fatih Aksoy, \u0130zmir Orman B\u00f6lge M\u00fcd\u00fcr\u00fc Mahmut Y\u0131lmaz ve ilgili kurumlar\u0131n temsilcileri kat\u0131ld\u0131.<br \/>\n<br \/>Toplant\u0131da, Tar\u0131m ve Orman Bakanl\u0131\u011f\u0131 koordinasyonunda y\u00fcr\u00fct\u00fclen Yang\u0131n Risk Azaltma Eylem Plan\u0131 \u00e7er\u00e7evesinde 2026 y\u0131l\u0131nda uygulanacak \u00e7al\u0131\u015fmalar, orman ve k\u0131rsal alan yang\u0131nlar\u0131na kar\u015f\u0131 al\u0131nacak \u00f6nleyici tedbirler, yang\u0131nlara m\u00fcdahale kapasitesi, riskli b\u00f6lgeler, kurumlar aras\u0131 koordinasyon ile ileti\u015fim ve i\u015f birli\u011fi a\u011flar\u0131n\u0131n g\u00fc\u00e7lendirilmesi konular\u0131 ele al\u0131nd\u0131.<\/p>\n<p>Yang\u0131nlar\u0131n \u00f6ncelikli nedeni ihmal<br \/>\n<br \/>Orman B\u00f6lge M\u00fcd\u00fcrl\u00fc\u011f\u00fc taraf\u0131ndan yap\u0131lan sunumda, yang\u0131nlara m\u00fcdahale kapasitesi, ekipman durumu, riskli b\u00f6lgeler ve g\u00f6rev da\u011f\u0131l\u0131mlar\u0131 hakk\u0131nda bilgi verildi. Sunumda, Manisa\u2019da \u00e7\u0131kan orman yang\u0131nlar\u0131n\u0131n b\u00fcy\u00fck b\u00f6l\u00fcm\u00fcn\u00fcn ihmal kaynakl\u0131 oldu\u011fu a\u00e7\u0131kland\u0131.<br \/>\n<br \/>2024 y\u0131l\u0131nda Manisa\u2019da ya\u015fanan orman yang\u0131nlar\u0131n\u0131n y\u00fczde 85\u2019inin, 2025 y\u0131l\u0131nda ise y\u00fczde 97\u2019sinin ihmal kaynakl\u0131 oldu\u011fu belirtilirken, \u00f6zellikle sigara izmariti ve an\u0131z temizli\u011fi nedeniyle \u00e7\u0131kan yang\u0131nlar\u0131n \u00f6n plana \u00e7\u0131kt\u0131\u011f\u0131 kaydedildi.<br \/>\n<br \/>Toplant\u0131da de\u011ferlendirmelerde bulunan Vali Vahdettin \u00d6zkan, Yang\u0131n Risk Azaltma Eylem Plan\u0131 sayesinde 153 yang\u0131ndan 122\u2019sinin yerel ekipler taraf\u0131ndan b\u00fcy\u00fcmeden s\u00f6nd\u00fcr\u00fcld\u00fc\u011f\u00fcn\u00fc hat\u0131rlatarak, plan\u0131n Manisa i\u00e7in \u00f6nemli bir yol haritas\u0131 sundu\u011funu ifade etti.<br \/>\n<br \/>\u00d6nleyici tedbirlerin \u00f6nemine dikkat \u00e7eken Vali \u00d6zkan, &#8220;Yang\u0131nlarla m\u00fccadelede esas olan, riskleri \u00f6nceden tespit ederek yang\u0131nlardan \u00f6nce gerekli tedbirleri almakt\u0131r. Bu kapsamda haz\u0131rlanan Yang\u0131n Risk Azaltma Eylem Plan\u0131, ilimiz i\u00e7in yol haritas\u0131 niteli\u011findedir. Orman yang\u0131nlar\u0131na kar\u015f\u0131 t\u00fcm vatanda\u015flar\u0131m\u0131z\u0131n duyarl\u0131 ve bilin\u00e7li olmas\u0131 b\u00fcy\u00fck \u00f6nem ta\u015f\u0131maktad\u0131r&#8221; dedi.<\/p>\n<p>\u0130leti\u015fim a\u011f\u0131 g\u00fc\u00e7lendirilecek, e\u011fitimler art\u0131r\u0131lacak<br \/>\n<br \/>Yang\u0131n riskini azaltmaya y\u00f6nelik 2026 y\u0131l\u0131nda uygulanacak tedbirler kapsam\u0131nda k\u0131rsal mahallelerde ve k\u00f6ylerde acil m\u00fcdahale ekipleri olu\u015fturulacak. Ekipler taraf\u0131ndan yang\u0131n \u00f6ncesinde risk unsurlar\u0131 belirlenecek ve m\u00fcdahale alanlar\u0131 planlanacak.<br \/>\n<br \/>2025 y\u0131l\u0131nda plan kapsam\u0131nda binin \u00fczerinde personelin e\u011fitim ald\u0131\u011f\u0131n\u0131 belirten Vali \u00d6zkan, orman k\u00f6ylerindeki g\u00f6n\u00fcll\u00fclerin de ileti\u015fim a\u011f\u0131na dahil edildi\u011fini vurgulayarak, &#8220;Kaymakamlar\u0131m\u0131z\u0131n koordinasyonunda Jandarmam\u0131zla birlikte k\u00f6y muhtar\u0131, imam, \u00f6\u011fretmen ve g\u00f6n\u00fcll\u00fc ki\u015filer yang\u0131n risk azaltma plan\u0131m\u0131zda \u00f6nemli g\u00f6revler \u00fcstlenmektedir. Riskleri bertaraf etti\u011fimizde ve ileti\u015fim a\u011f\u0131n\u0131 g\u00fc\u00e7lendirdi\u011fimizde yang\u0131nlarla m\u00fccadele kapasitemiz daha da artacakt\u0131r&#8221; ifadelerini kulland\u0131.<\/p>\n<p>Yang\u0131nlara kar\u015f\u0131 40 su tankeri teslim edildi<br \/>\n<br \/>Toplant\u0131n\u0131n ard\u0131ndan Yang\u0131n Risk Azaltma Eylem Plan\u0131 kapsam\u0131nda, Yat\u0131r\u0131m \u0130zleme ve Koordinasyon Ba\u015fkanl\u0131\u011f\u0131 (Y\u0130KOB) taraf\u0131ndan temin edilen 40 adet su tankeri, yaz aylar\u0131 \u00f6ncesinde k\u0131rsal mahallelerde g\u00f6rev yapan muhtarlara teslim edildi.<br \/>\n<br \/>Yerelde m\u00fcdahale kapasitesinin g\u00fc\u00e7lendirilmesinin hedeflendi\u011fini belirten Vali \u00d6zkan, &#8220;Muhtarlar\u0131m\u0131z ve vatanda\u015flar\u0131m\u0131zla birlikte ye\u015fil vatan\u0131n korunmas\u0131 i\u00e7in t\u00fcm \u00f6nlemlerimizi al\u0131yoruz. T\u00fcm vatanda\u015flar\u0131m\u0131z\u0131n bu s\u00fcre\u00e7te \u00fczerine d\u00fc\u015fen sorumlulu\u011fu yerine getirece\u011fine inan\u0131yorum&#8221; dedi.<br \/><\/p>\n","protected":false},"excerpt":{"rendered":"<p>Manisa\u2019da yaz aylar\u0131nda artan orman yang\u0131n\u0131 riskine kar\u015f\u0131 m\u00fcdahale kapasitesini art\u0131rmak amac\u0131yla Orman Yang\u0131nlar\u0131yla M\u00fccadele Komisyon Toplant\u0131s\u0131 ger\u00e7ekle\u015ftirildi. Toplant\u0131 sonras\u0131 Y\u0130KOB taraf\u0131ndan temin edilen 40 su tankeri k\u0131rsal mahalle muhtarlar\u0131na teslim edildi. Yaz aylar\u0131nda artan orman yang\u0131nlar\u0131na kar\u015f\u0131 riskin en aza indirilmesi ve m\u00fcdahale kapasitesinin g\u00fc\u00e7lendirilmesi amac\u0131yla Orman Yang\u0131nlar\u0131yla M\u00fccadele Komisyon Toplant\u0131s\u0131, Sabuncubeli Sosyal Tesisleri\u2019nde&#8230;<\/p>\n","protected":false},"author":1,"featured_media":85260,"comment_status":"open","ping_status":"open","sticky":false,"template":"","format":"standard","meta":{"_crdt_document":"","footnotes":""},"categories":[1],"tags":[],"class_list":["post-85259","post","type-post","status-publish","format-standard","has-post-thumbnail","hentry","category-guncel"],"_links":{"self":[{"href":"https:\/\/www.egemtv.com\/index.php?rest_route=\/wp\/v2\/posts\/85259","targetHints":{"allow":["GET"]}}],"collection":[{"href":"https:\/\/www.egemtv.com\/index.php?rest_route=\/wp\/v2\/posts"}],"about":[{"href":"https:\/\/www.egemtv.com\/index.php?rest_route=\/wp\/v2\/types\/post"}],"author":[{"embeddable":true,"href":"https:\/\/www.egemtv.com\/index.php?rest_route=\/wp\/v2\/users\/1"}],"replies":[{"embeddable":true,"href":"https:\/\/www.egemtv.com\/index.php?rest_route=%2Fwp%2Fv2%2Fcomments&post=85259"}],"version-history":[{"count":1,"href":"https:\/\/www.egemtv.com\/index.php?rest_route=\/wp\/v2\/posts\/85259\/revisions"}],"predecessor-version":[{"id":85261,"href":"https:\/\/www.egemtv.com\/index.php?rest_route=\/wp\/v2\/posts\/85259\/revisions\/85261"}],"wp:featuredmedia":[{"embeddable":true,"href":"https:\/\/www.egemtv.com\/index.php?rest_route=\/wp\/v2\/media\/85260"}],"wp:attachment":[{"href":"https:\/\/www.egemtv.com\/index.php?rest_route=%2Fwp%2Fv2%2Fmedia&parent=85259"}],"wp:term":[{"taxonomy":"category","embeddable":true,"href":"https:\/\/www.egemtv.com\/index.php?rest_route=%2Fwp%2Fv2%2Fcategories&post=85259"},{"taxonomy":"post_tag","embeddable":true,"href":"https:\/\/www.egemtv.com\/index.php?rest_route=%2Fwp%2Fv2%2Ftags&post=85259"}],"curies":[{"name":"wp","href":"https:\/\/api.w.org\/{rel}","templated":true}]}}