{"id":85256,"date":"2026-02-04T10:55:04","date_gmt":"2026-02-04T07:55:04","guid":{"rendered":"https:\/\/www.egemtv.com\/?p=85256"},"modified":"2026-02-04T10:55:04","modified_gmt":"2026-02-04T07:55:04","slug":"ispartada-hafif-ticari-aracla-carpisan-tofas-otomobildeki-4-kisi-yaralandi","status":"publish","type":"post","link":"https:\/\/www.egemtv.com\/?p=85256","title":{"rendered":"Isparta\u2019da hafif ticari ara\u00e7la \u00e7arp\u0131\u015fan Tofa\u015f otomobildeki 4 ki\u015fi yaraland\u0131"},"content":{"rendered":"<p>Isparta\u2019n\u0131n \u015earkikaraa\u011fa\u00e7 il\u00e7esinde iki arac\u0131n kav\u015fakta \u00e7arp\u0131\u015fmas\u0131 sonucu meydana gelen kazada 4 ki\u015fi yaraland\u0131.<br \/>\n<br \/>Kaza, 1493. Yeni Sokak ile 1492. Depo Sokak kav\u015fa\u011f\u0131nda meydana geldi. Edinilen bilgilere g\u00f6re, Ahmet Y. idaresindeki 42 AOB 17 plakal\u0131 Tofa\u015f marka otomobil ile Bet\u00fcl D. idaresindeki 32 SH 253 plakal\u0131 hafif ticari ara\u00e7 kav\u015fakta \u00e7arp\u0131\u015ft\u0131. Kazada, Tofa\u015f otomobil s\u00fcr\u00fcc\u00fcs\u00fc Ahmet Y. ile yan\u0131ndaki Tu\u011f\u00e7e Y., Aysel D.Y. ve Resul E.Y. yaraland\u0131. Kazay\u0131 g\u00f6ren vatanda\u015flar\u0131n ihbar\u0131 \u00fczerine olay yerine sa\u011fl\u0131k ve polis ekipleri sevk edildi. Yaral\u0131lar, sa\u011fl\u0131k ekiplerinin olay yerindeki ilk m\u00fcdahalesinin ard\u0131ndan ambulanslarla \u015earkikaraa\u011fa\u00e7 Devlet Hastanesi\u2019ne kald\u0131r\u0131ld\u0131. Kazayla ilgili inceleme ba\u015flat\u0131ld\u0131.<br \/><\/p>\n","protected":false},"excerpt":{"rendered":"<p>Isparta\u2019n\u0131n \u015earkikaraa\u011fa\u00e7 il\u00e7esinde iki arac\u0131n kav\u015fakta \u00e7arp\u0131\u015fmas\u0131 sonucu meydana gelen kazada 4 ki\u015fi yaraland\u0131. Kaza, 1493. Yeni Sokak ile 1492. Depo Sokak kav\u015fa\u011f\u0131nda meydana geldi. Edinilen bilgilere g\u00f6re, Ahmet Y. idaresindeki 42 AOB 17 plakal\u0131 Tofa\u015f marka otomobil ile Bet\u00fcl D. idaresindeki 32 SH 253 plakal\u0131 hafif ticari ara\u00e7 kav\u015fakta \u00e7arp\u0131\u015ft\u0131. Kazada, Tofa\u015f otomobil s\u00fcr\u00fcc\u00fcs\u00fc&#8230;<\/p>\n","protected":false},"author":1,"featured_media":85257,"comment_status":"open","ping_status":"open","sticky":false,"template":"","format":"standard","meta":{"_crdt_document":"","footnotes":""},"categories":[5],"tags":[],"class_list":["post-85256","post","type-post","status-publish","format-standard","has-post-thumbnail","hentry","category-asayis"],"_links":{"self":[{"href":"https:\/\/www.egemtv.com\/index.php?rest_route=\/wp\/v2\/posts\/85256","targetHints":{"allow":["GET"]}}],"collection":[{"href":"https:\/\/www.egemtv.com\/index.php?rest_route=\/wp\/v2\/posts"}],"about":[{"href":"https:\/\/www.egemtv.com\/index.php?rest_route=\/wp\/v2\/types\/post"}],"author":[{"embeddable":true,"href":"https:\/\/www.egemtv.com\/index.php?rest_route=\/wp\/v2\/users\/1"}],"replies":[{"embeddable":true,"href":"https:\/\/www.egemtv.com\/index.php?rest_route=%2Fwp%2Fv2%2Fcomments&post=85256"}],"version-history":[{"count":1,"href":"https:\/\/www.egemtv.com\/index.php?rest_route=\/wp\/v2\/posts\/85256\/revisions"}],"predecessor-version":[{"id":85258,"href":"https:\/\/www.egemtv.com\/index.php?rest_route=\/wp\/v2\/posts\/85256\/revisions\/85258"}],"wp:featuredmedia":[{"embeddable":true,"href":"https:\/\/www.egemtv.com\/index.php?rest_route=\/wp\/v2\/media\/85257"}],"wp:attachment":[{"href":"https:\/\/www.egemtv.com\/index.php?rest_route=%2Fwp%2Fv2%2Fmedia&parent=85256"}],"wp:term":[{"taxonomy":"category","embeddable":true,"href":"https:\/\/www.egemtv.com\/index.php?rest_route=%2Fwp%2Fv2%2Fcategories&post=85256"},{"taxonomy":"post_tag","embeddable":true,"href":"https:\/\/www.egemtv.com\/index.php?rest_route=%2Fwp%2Fv2%2Ftags&post=85256"}],"curies":[{"name":"wp","href":"https:\/\/api.w.org\/{rel}","templated":true}]}}